{"id":14022,"date":"2024-12-06T09:46:42","date_gmt":"2024-12-06T09:46:42","guid":{"rendered":"https:\/\/247stiri.ro\/index.php\/2024\/12\/06\/viceprimarul-unei-localitati-din-judetul-covasna-batut-de-un-barbat-nemultumit-de-lucrarile-din-comuna-agresorul-este-recidivist\/"},"modified":"2024-12-06T09:46:42","modified_gmt":"2024-12-06T09:46:42","slug":"viceprimarul-unei-localitati-din-judetul-covasna-batut-de-un-barbat-nemultumit-de-lucrarile-din-comuna-agresorul-este-recidivist","status":"publish","type":"post","link":"https:\/\/247stiri.ro\/index.php\/2024\/12\/06\/viceprimarul-unei-localitati-din-judetul-covasna-batut-de-un-barbat-nemultumit-de-lucrarile-din-comuna-agresorul-este-recidivist\/","title":{"rendered":"Viceprimarul unei localit\u0103\u021bi din jude\u021bul Covasna, B\u0102TUT de un b\u0103rbat nemul\u021bumit de lucr\u0103rile din comun\u0103. Agresorul este recidivist"},"content":{"rendered":"<p>Conform unui comunicat al Parchetului de pe l\u00e2ng\u0103 Judec\u0103toria \u00centorsura Buz\u0103ului, miercuri diminea\u021ba, 4 decembrie, \u00een jurul orei 08:30, localnicul l-a atacat pe viceprimarul \u00een v\u00e2rst\u0103 de 31 de ani, lovindu-l cu palmele \u0219i pumnii \u00een zona capului.<\/p>\n<p>\u201e\u00cen fapt, \u00een data de 03.12.2024, \u00een jurul orei 08:30, \u00een timp ce se aflau pe un drum comunal din comuna Valea Mare, inculpatul a agresat persoana v\u0103t\u0103mat\u0103, un b\u0103rbat \u00een v\u00e2rst\u0103 de 31 de ani, angajat al Prim\u0103riei Valea Mare, jud. Covasna, aflat \u00een exercitarea atribu\u021biilor de serviciu pe fondul unor nemul\u021bumiri legate de lucr\u0103rile efectuate de prim\u0103rie, lovind-o cu palma \u0219i pumnii \u00een zona capului. Persoana v\u0103t\u0103mat\u0103 a reu\u0219it s\u0103 urce \u00een autoturism \u0219i s\u0103 se \u00eentoarc\u0103 \u00een curtea prim\u0103riei, fiind urmat\u0103 de inculpat, care s-a deplasat cu ma\u0219ina personal\u0103. Dup\u0103 ce au ajuns \u00een curte, inculpatul s-a apropiat de persoana v\u0103t\u0103mat\u0103, i-a adresat amenin\u021b\u0103ri cu acte de violent\u0103 \u0219i inten\u021biona s\u0103 o loveasc\u0103 cu pumnul, fiind \u00eempiedicat de martorii prezen\u021bi, angaja\u021bii prim\u0103riei\u201d, se arat\u0103 \u00eentr-un comunicat transmis de Parchetul de pe l\u00e2ng\u0103 Judec\u0103toria \u00centorsura Buz\u0103ului.\u00a0<\/p>\n<p>Parchetul subliniaz\u0103 c\u0103 \u201epunerea \u00een mi\u0219care a ac\u021biunii penale, re\u021binerea \u0219i arestarea preventiv\u0103 reprezint\u0103 etape \u0219i m\u0103suri din cursul procesului penal, reglementate de Codul de procedur\u0103 penal\u0103, av\u00e2nd ca scop crearea cadrului procesual adecvat de administrare a probatoriului, activit\u0103\u021bi care nu pot, \u00een nicio situa\u021bie, s\u0103 \u00eenfr\u00e2ng\u0103 principiul constitu\u021bional al prezum\u021biei de nevinov\u0103\u021bie\u201d.<\/p>\n<p>Edilul comunei, Bogdan \u0218tefan Marin, a spus c\u0103 prim\u0103ria a apelat \u00een repetate r\u00e2nduri la \u00een\u021belegerea locuitorilor, c\u0103rora le-a explicat c\u0103 proiectul de asfaltare este \u00een curs.<\/p>\n<p>\u201eA fost o alterca\u021bie \u00eentre acel localnic \u0219i viceprimarul comunei pe tema lucr\u0103rilor de ap\u0103 \u0219i canalizare. Da, suntem con\u0219tien\u021bi c\u0103 e deranj, c\u0103 e un disconfort pentru to\u021bi cet\u0103\u021benii, din acest motiv am tot apelat mereu la bun\u0103voin\u021ba \u0219i \u00een\u021belegerea tuturor. Dup\u0103 cum am tot men\u021bionat, proiectul de asfaltare este \u00een curs, dar f\u0103r\u0103 aceste etape grele nu putem ajunge acolo. \u00cen rest, ancheta este \u00een desf\u0103\u0219urare. Din fericire, dl. viceprimar e bine! Bine c\u0103 a fost doar a\u0219a\u2026 se putea mai r\u0103u\u201d, a declarat primarul, conform\u00a0<a href=\"https:\/\/ziare.com\/viceprimar\/batut-localnic-covasna-lucrari-comuna-1910593?uord=MT5cLuSvh8ClM85fUmheHRNEIrZxnTisLW8GYaHgVGTjhHhAOqGrID2GNRJqIsi\/ugy9U4n3MVLDPdeyonCSR4arUmhiIRJFHrFxlAJ9XrY\/MEi_Irjih-BuZCG6JGsyKEJFIrKo\">ziare.com.<\/a><\/p>","protected":false},"excerpt":{"rendered":"<p>Conform unui comunicat al Parchetului de pe l\u00e2ng\u0103 Judec\u0103toria \u00centorsura Buz\u0103ului, miercuri diminea\u021ba, 4 decembrie,&hellip;<\/p>\n","protected":false},"author":0,"featured_media":14023,"comment_status":"open","ping_status":"open","sticky":false,"template":"","format":"standard","meta":{"footnotes":""},"categories":[2],"tags":[],"class_list":["post-14022","post","type-post","status-publish","format-standard","has-post-thumbnail","hentry","category-actual"],"_links":{"self":[{"href":"https:\/\/247stiri.ro\/index.php\/wp-json\/wp\/v2\/posts\/14022","targetHints":{"allow":["GET"]}}],"collection":[{"href":"https:\/\/247stiri.ro\/index.php\/wp-json\/wp\/v2\/posts"}],"about":[{"href":"https:\/\/247stiri.ro\/index.php\/wp-json\/wp\/v2\/types\/post"}],"replies":[{"embeddable":true,"href":"https:\/\/247stiri.ro\/index.php\/wp-json\/wp\/v2\/comments?post=14022"}],"version-history":[{"count":0,"href":"https:\/\/247stiri.ro\/index.php\/wp-json\/wp\/v2\/posts\/14022\/revisions"}],"wp:featuredmedia":[{"embeddable":true,"href":"https:\/\/247stiri.ro\/index.php\/wp-json\/wp\/v2\/media\/14023"}],"wp:attachment":[{"href":"https:\/\/247stiri.ro\/index.php\/wp-json\/wp\/v2\/media?parent=14022"}],"wp:term":[{"taxonomy":"category","embeddable":true,"href":"https:\/\/247stiri.ro\/index.php\/wp-json\/wp\/v2\/categories?post=14022"},{"taxonomy":"post_tag","embeddable":true,"href":"https:\/\/247stiri.ro\/index.php\/wp-json\/wp\/v2\/tags?post=14022"}],"curies":[{"name":"wp","href":"https:\/\/api.w.org\/{rel}","templated":true}]}}