{"id":14024,"date":"2024-12-06T10:44:54","date_gmt":"2024-12-06T10:44:54","guid":{"rendered":"https:\/\/247stiri.ro\/index.php\/2024\/12\/06\/tudorel-toader-despre-anularea-alegerilor-prezidentiale-singura-situatie-in-care-ccr-se-poate-autosesiza\/"},"modified":"2024-12-06T10:44:54","modified_gmt":"2024-12-06T10:44:54","slug":"tudorel-toader-despre-anularea-alegerilor-prezidentiale-singura-situatie-in-care-ccr-se-poate-autosesiza","status":"publish","type":"post","link":"https:\/\/247stiri.ro\/index.php\/2024\/12\/06\/tudorel-toader-despre-anularea-alegerilor-prezidentiale-singura-situatie-in-care-ccr-se-poate-autosesiza\/","title":{"rendered":"Tudorel Toader, despre anularea alegerilor preziden\u021biale: Singura situa\u021bie \u00een care CCR se poate autosesiza"},"content":{"rendered":"<p>Tudorel Toader a declarat, vineri, c\u0103 sesiz\u0103rile depuse de mai multe organiza\u0163ii sau persoane la CCR sunt \u201einadmisibile\u201d.<\/p>\n<p>\u015ei al\u0163i constitu\u0163ionali\u015fti consulta\u0163i de <a href=\"https:\/\/www.news.ro\/politic-intern\/tudorel-toader-spune-ca-ccr-va-putea-lua-o-decizie-in-privinta-anularii-alegerilor-prezidentiale-doar-dupa-turul-al-doilea-de-scrutin-curtea-se-poate-autosesiza-intr-o-singura-situatie-1922405706002024121121859974\" target=\"_blank\">News.ro<\/a> spun c\u0103, cel mai probabil, judec\u0103torii CCR, pe masa c\u0103rora se afl\u0103 sesiz\u0103rile depuse de mai multe organiza\u0163ii sau persoane fizice, le vor declara \u201einadmisibile\u201d.<\/p>\n<p><a href=\"https:\/\/www.realitatea.net\/stiri\/politica\/sedinta-cruciala-la-ccr-pe-tema-reluarii-alegerilor-prezidentiale_67529583b380410a89223ba2\" target=\"_blank\">\u0218edin\u021b\u0103 crucial\u0103 la CCR pe tema relu\u0103rii alegerilor preziden\u021biale &#8211; \u00eent\u00e2lnire informal\u0103<\/a><\/p>\n<p>\u201eCurtea Constitu\u0163ional\u0103 se autosesizeaz\u0103 sau se sesizeaz\u0103 din oficiu \u00eentr-o singur\u0103 situa\u0163ie, \u015fi anume atunci c\u00e2nd este vorba despre revizuirea Constitu\u0163iei. \u00cen rest, absolut niciodat\u0103. S\u0103 a\u015ftept\u0103m decizia Cur\u0163ii, \u00eens\u0103 este foarte pu\u0163in probabil ca acum s\u0103 ia o decizie de anulare a alegerilor (n.red. \u015fi \u00een condi\u0163iile \u00een care \u00een str\u0103in\u0103tate votarea a \u00eenceput deja de azi noapte, de la ora local\u0103 1.00)\u201d, a explicat Tudorel Toader.<\/p>\n<p>\u00cen ceea ce prive\u015fte documentele declasificate, care se afl\u0103 pe masa CCR pentru consultare, speciali\u015ftii spun c\u0103 judec\u0103torii le vor analiza, cel mai probabil, la momentul confirm\u0103rii rezultatelor alegerilor, dup\u0103 turul al doilea al alegerilor \u015fi abia atunci vor lua o decizie \u00eentr-un sens sau altul.<\/p>","protected":false},"excerpt":{"rendered":"<p>Tudorel Toader a declarat, vineri, c\u0103 sesiz\u0103rile depuse de mai multe organiza\u0163ii sau persoane la&hellip;<\/p>\n","protected":false},"author":0,"featured_media":14025,"comment_status":"open","ping_status":"open","sticky":false,"template":"","format":"standard","meta":{"footnotes":""},"categories":[3],"tags":[],"class_list":["post-14024","post","type-post","status-publish","format-standard","has-post-thumbnail","hentry","category-politica"],"_links":{"self":[{"href":"https:\/\/247stiri.ro\/index.php\/wp-json\/wp\/v2\/posts\/14024","targetHints":{"allow":["GET"]}}],"collection":[{"href":"https:\/\/247stiri.ro\/index.php\/wp-json\/wp\/v2\/posts"}],"about":[{"href":"https:\/\/247stiri.ro\/index.php\/wp-json\/wp\/v2\/types\/post"}],"replies":[{"embeddable":true,"href":"https:\/\/247stiri.ro\/index.php\/wp-json\/wp\/v2\/comments?post=14024"}],"version-history":[{"count":0,"href":"https:\/\/247stiri.ro\/index.php\/wp-json\/wp\/v2\/posts\/14024\/revisions"}],"wp:featuredmedia":[{"embeddable":true,"href":"https:\/\/247stiri.ro\/index.php\/wp-json\/wp\/v2\/media\/14025"}],"wp:attachment":[{"href":"https:\/\/247stiri.ro\/index.php\/wp-json\/wp\/v2\/media?parent=14024"}],"wp:term":[{"taxonomy":"category","embeddable":true,"href":"https:\/\/247stiri.ro\/index.php\/wp-json\/wp\/v2\/categories?post=14024"},{"taxonomy":"post_tag","embeddable":true,"href":"https:\/\/247stiri.ro\/index.php\/wp-json\/wp\/v2\/tags?post=14024"}],"curies":[{"name":"wp","href":"https:\/\/api.w.org\/{rel}","templated":true}]}}