{"id":1403,"date":"2024-10-24T07:44:48","date_gmt":"2024-10-24T07:44:48","guid":{"rendered":"https:\/\/247stiri.ro\/index.php\/2024\/10\/24\/florin-iordache-acuzatii-grave-cine-a-orchestrat-eliminarea-dianei-sosoaca-din-cursa-pentru-cotroceni\/"},"modified":"2024-10-24T07:44:48","modified_gmt":"2024-10-24T07:44:48","slug":"florin-iordache-acuzatii-grave-cine-a-orchestrat-eliminarea-dianei-sosoaca-din-cursa-pentru-cotroceni","status":"publish","type":"post","link":"https:\/\/247stiri.ro\/index.php\/2024\/10\/24\/florin-iordache-acuzatii-grave-cine-a-orchestrat-eliminarea-dianei-sosoaca-din-cursa-pentru-cotroceni\/","title":{"rendered":"Florin Iordache, acuza\u021bii grave: cine a orchestrat eliminarea Dianei \u0218o\u0219oac\u0103 din cursa pentru Cotroceni"},"content":{"rendered":"<p>Liderul PNL a declarat c\u0103 europarlamentara ar fi avut o \u00een\u021belegere cu PSD pe care nu ar fi respectat-o, motiv pentru care candidatura ei a fost contestat\u0103. Alexandru Muraru a spus c\u0103 sursele lui vin chiar din interiorul PSD, de la oameni care sunt con\u0219tien\u021bi de abordarea gre\u0219it\u0103 a partidului.\u00a0<\/p>\n<p>\u201e\u0218tim foarte bine ce s-a \u00eent\u00e2mplat, \u0218o\u0219oac\u0103 nu \u0219i-a respectat promisiunea \u0219i \u00een\u021belegerea fa\u021b\u0103 de PSD \u0219i ea a fost scoas\u0103 de c\u0103tre reprezentan\u021bii\u2026 sau cei sus\u021binu\u021bi de PSD \u00een Curtea Constitu\u021bional\u0103.<\/p>\n<p>Un alt om important \u00een acest plan este este cel care a fost ministru Justi\u021biei \u00een perioada lui Dragnea, domnul Iordache, care din informa\u021biile mele \u2013 \u0219i toate aceste informa\u021bii, tot ce v\u0103 spun vin din zona PSD, sunt oameni din PSD cu care comunic \u0219i care \u00eemi vorbesc s\u0103pt\u0103m\u00e2nal \u0219i \u00eemi spun despre aceste lucruri nu pentru c\u0103, s\u0103 spunem, ar vrea r\u0103ul PSD, dimpotriv\u0103, pentru c\u0103 ei \u0219tiu c\u0103 PSD, merg\u00e2nd \u00een aceast\u0103 direc\u021bie, merge \u00eentr-o mare problem\u0103 pe care lucreaz\u0103 \u00een definitiv Rom\u00e2niei.<\/p>\n<p>Deci acest domn Iordache a venit cu ideea de a o scoate pe \u0218o\u0219oac\u0103 din curs\u0103 \u0219i a fost eliminat\u0103 prin decizia Cur\u021bii Constitu\u021bionale\u201d, a spus Alexandru Muraru.<\/p>","protected":false},"excerpt":{"rendered":"<p>Liderul PNL a declarat c\u0103 europarlamentara ar fi avut o \u00een\u021belegere cu PSD pe care&hellip;<\/p>\n","protected":false},"author":0,"featured_media":1404,"comment_status":"open","ping_status":"open","sticky":false,"template":"","format":"standard","meta":{"footnotes":""},"categories":[3],"tags":[],"class_list":["post-1403","post","type-post","status-publish","format-standard","has-post-thumbnail","hentry","category-politica"],"_links":{"self":[{"href":"https:\/\/247stiri.ro\/index.php\/wp-json\/wp\/v2\/posts\/1403","targetHints":{"allow":["GET"]}}],"collection":[{"href":"https:\/\/247stiri.ro\/index.php\/wp-json\/wp\/v2\/posts"}],"about":[{"href":"https:\/\/247stiri.ro\/index.php\/wp-json\/wp\/v2\/types\/post"}],"replies":[{"embeddable":true,"href":"https:\/\/247stiri.ro\/index.php\/wp-json\/wp\/v2\/comments?post=1403"}],"version-history":[{"count":0,"href":"https:\/\/247stiri.ro\/index.php\/wp-json\/wp\/v2\/posts\/1403\/revisions"}],"wp:featuredmedia":[{"embeddable":true,"href":"https:\/\/247stiri.ro\/index.php\/wp-json\/wp\/v2\/media\/1404"}],"wp:attachment":[{"href":"https:\/\/247stiri.ro\/index.php\/wp-json\/wp\/v2\/media?parent=1403"}],"wp:term":[{"taxonomy":"category","embeddable":true,"href":"https:\/\/247stiri.ro\/index.php\/wp-json\/wp\/v2\/categories?post=1403"},{"taxonomy":"post_tag","embeddable":true,"href":"https:\/\/247stiri.ro\/index.php\/wp-json\/wp\/v2\/tags?post=1403"}],"curies":[{"name":"wp","href":"https:\/\/api.w.org\/{rel}","templated":true}]}}