{"id":14032,"date":"2024-12-06T10:44:55","date_gmt":"2024-12-06T10:44:55","guid":{"rendered":"https:\/\/247stiri.ro\/index.php\/2024\/12\/06\/accident-rutier-grav-in-constanta-o-victima-a-fost-transportata-la-spital-dupa-ce-o-ambulanta-si-o-masina-de-curierat-s-au-ciocnit\/"},"modified":"2024-12-06T10:44:55","modified_gmt":"2024-12-06T10:44:55","slug":"accident-rutier-grav-in-constanta-o-victima-a-fost-transportata-la-spital-dupa-ce-o-ambulanta-si-o-masina-de-curierat-s-au-ciocnit","status":"publish","type":"post","link":"https:\/\/247stiri.ro\/index.php\/2024\/12\/06\/accident-rutier-grav-in-constanta-o-victima-a-fost-transportata-la-spital-dupa-ce-o-ambulanta-si-o-masina-de-curierat-s-au-ciocnit\/","title":{"rendered":"Accident rutier grav \u00een Constan\u021ba. O victim\u0103 a fost transportat\u0103 la spital, dup\u0103 ce o ambulan\u021b\u0103 \u0219i o ma\u0219in\u0103 de curierat s-au ciocnit"},"content":{"rendered":"<p>Potrivit martorului, \u00een accident au fost implicate o ambulan\u021b\u0103 privat\u0103 care transporta pacien\u021bi \u0219i un autoturism de curierat.O victim\u0103, femeie, din ambulan\u021ba privat\u0103 a fost transportat\u0103 la spital.La fa\u021ba locului au intervenit pompierii, dou\u0103 echipaje SMURD \u0219i poli\u021bia.<\/p>\n<p>Potrivit ISU Constan\u021ba, la locul accidentului au fost alocate ATPVM Port \u0219i o ambulan\u021b\u0103 SAJ.Conform presei locale, \u00een ambulan\u021ba privat\u0103 se aflau 4 persoane ce trebuiau s\u0103 ajung\u0103 la dializa, la un centru privat. O persoan\u0103, sex feminin, 77 ani, din ambulan\u021ba privat\u0103 a fost transportat\u0103 la spital de SMURD C, con\u0219tient\u0103, cooperant\u0103, cu traumatisme de membre superioare \u0219i inferioare.<\/p>\n<p>Celelalte 3 persoane care au fost preluate de un alt mijloc de transport a firmei respective (este vorba despre 3 b\u0103rba\u021bi in v\u00e2rst\u0103 de 46, 64 si 49 ani). \u0218oferul autoturismului \u0219i cel al ambulantei private, sex masculin, 58 ani, refuz\u0103 transportul la spital.<\/p>","protected":false},"excerpt":{"rendered":"<p>Potrivit martorului, \u00een accident au fost implicate o ambulan\u021b\u0103 privat\u0103 care transporta pacien\u021bi \u0219i un&hellip;<\/p>\n","protected":false},"author":0,"featured_media":14033,"comment_status":"open","ping_status":"open","sticky":false,"template":"","format":"standard","meta":{"footnotes":""},"categories":[2],"tags":[],"class_list":["post-14032","post","type-post","status-publish","format-standard","has-post-thumbnail","hentry","category-actual"],"_links":{"self":[{"href":"https:\/\/247stiri.ro\/index.php\/wp-json\/wp\/v2\/posts\/14032","targetHints":{"allow":["GET"]}}],"collection":[{"href":"https:\/\/247stiri.ro\/index.php\/wp-json\/wp\/v2\/posts"}],"about":[{"href":"https:\/\/247stiri.ro\/index.php\/wp-json\/wp\/v2\/types\/post"}],"replies":[{"embeddable":true,"href":"https:\/\/247stiri.ro\/index.php\/wp-json\/wp\/v2\/comments?post=14032"}],"version-history":[{"count":0,"href":"https:\/\/247stiri.ro\/index.php\/wp-json\/wp\/v2\/posts\/14032\/revisions"}],"wp:featuredmedia":[{"embeddable":true,"href":"https:\/\/247stiri.ro\/index.php\/wp-json\/wp\/v2\/media\/14033"}],"wp:attachment":[{"href":"https:\/\/247stiri.ro\/index.php\/wp-json\/wp\/v2\/media?parent=14032"}],"wp:term":[{"taxonomy":"category","embeddable":true,"href":"https:\/\/247stiri.ro\/index.php\/wp-json\/wp\/v2\/categories?post=14032"},{"taxonomy":"post_tag","embeddable":true,"href":"https:\/\/247stiri.ro\/index.php\/wp-json\/wp\/v2\/tags?post=14032"}],"curies":[{"name":"wp","href":"https:\/\/api.w.org\/{rel}","templated":true}]}}