{"id":14042,"date":"2024-12-06T11:47:11","date_gmt":"2024-12-06T11:47:11","guid":{"rendered":"https:\/\/247stiri.ro\/index.php\/2024\/12\/06\/dosar-penal-pentru-un-tanar-de-20-de-ani-din-republica-moldova-care-a-pipait-o-femeie-intr-un-autobuz-din-iasi-ce-spune-politia\/"},"modified":"2024-12-06T11:47:11","modified_gmt":"2024-12-06T11:47:11","slug":"dosar-penal-pentru-un-tanar-de-20-de-ani-din-republica-moldova-care-a-pipait-o-femeie-intr-un-autobuz-din-iasi-ce-spune-politia","status":"publish","type":"post","link":"https:\/\/247stiri.ro\/index.php\/2024\/12\/06\/dosar-penal-pentru-un-tanar-de-20-de-ani-din-republica-moldova-care-a-pipait-o-femeie-intr-un-autobuz-din-iasi-ce-spune-politia\/","title":{"rendered":"Dosar penal pentru un t\u00e2n\u0103r de 20 de ani, din Republica Moldova, care a pip\u0103it o femeie \u00eentr-un autobuz din Ia\u0219i. Ce spune Poli\u021bia"},"content":{"rendered":"<p>La data de 5 decembrie poli\u021bi\u0219tii din cadrul Poli\u021biei Municipiului Ia\u0219i au fost sesiza\u021bi cu privire la un scandal produs \u00eentr-un mijloc de transport \u00een comun din municipiul Ia\u0219i.<\/p>\n<p>Din cercet\u0103rile efectuate de poli\u021bi\u0219tii Biroului de Investiga\u021bii Criminale Ia\u0219i a rezultat faptul c\u0103 un t\u00e2n\u0103r ar fi atins o t\u00e2n\u0103r\u0103, \u00een zone intime \u0219i ar fi provocat scandal \u00een mijlocul de transport \u00een comun, iar ulterior ar fi cobor\u00e2t din autobuz.<\/p>\n<p>\u00cen urma activit\u0103\u021bilor desf\u0103\u0219urate cu operativitate de poli\u021bi\u0219ti, persoana b\u0103nuit\u0103 de comiterea faptei a fost identificat\u0103, stabilindu-se c\u0103 este vorba despre un t\u00e2n\u0103r \u00een v\u00e2rst\u0103 de 20 de ani, din Republica Moldova.<\/p>\n<p>Acesta a fost depistat \u00een Vama Sculeni \u0219i a fost condus la cercet\u0103ri.<\/p>\n<p>\u00cen cauz\u0103 a fost \u00eentocmit dosar penal sub aspectul s\u0103v\u00e2r\u0219irii infrac\u021biunii de agresiune sexual\u0103, iar t\u00e2n\u0103rul b\u0103nuit de comiterea faptei a fost internat \u00eentr-o unitate medical\u0103, din municipiul Ia\u0219i, pentru \u00eengrijiri de specialitate \u0219i continuarea cercet\u0103rilor.<\/p>","protected":false},"excerpt":{"rendered":"<p>La data de 5 decembrie poli\u021bi\u0219tii din cadrul Poli\u021biei Municipiului Ia\u0219i au fost sesiza\u021bi cu&hellip;<\/p>\n","protected":false},"author":0,"featured_media":14043,"comment_status":"open","ping_status":"open","sticky":false,"template":"","format":"standard","meta":{"footnotes":""},"categories":[2],"tags":[],"class_list":["post-14042","post","type-post","status-publish","format-standard","has-post-thumbnail","hentry","category-actual"],"_links":{"self":[{"href":"https:\/\/247stiri.ro\/index.php\/wp-json\/wp\/v2\/posts\/14042","targetHints":{"allow":["GET"]}}],"collection":[{"href":"https:\/\/247stiri.ro\/index.php\/wp-json\/wp\/v2\/posts"}],"about":[{"href":"https:\/\/247stiri.ro\/index.php\/wp-json\/wp\/v2\/types\/post"}],"replies":[{"embeddable":true,"href":"https:\/\/247stiri.ro\/index.php\/wp-json\/wp\/v2\/comments?post=14042"}],"version-history":[{"count":0,"href":"https:\/\/247stiri.ro\/index.php\/wp-json\/wp\/v2\/posts\/14042\/revisions"}],"wp:featuredmedia":[{"embeddable":true,"href":"https:\/\/247stiri.ro\/index.php\/wp-json\/wp\/v2\/media\/14043"}],"wp:attachment":[{"href":"https:\/\/247stiri.ro\/index.php\/wp-json\/wp\/v2\/media?parent=14042"}],"wp:term":[{"taxonomy":"category","embeddable":true,"href":"https:\/\/247stiri.ro\/index.php\/wp-json\/wp\/v2\/categories?post=14042"},{"taxonomy":"post_tag","embeddable":true,"href":"https:\/\/247stiri.ro\/index.php\/wp-json\/wp\/v2\/tags?post=14042"}],"curies":[{"name":"wp","href":"https:\/\/api.w.org\/{rel}","templated":true}]}}