{"id":1405,"date":"2024-10-24T07:44:48","date_gmt":"2024-10-24T07:44:48","guid":{"rendered":"https:\/\/247stiri.ro\/index.php\/2024\/10\/24\/tragedie-in-capitala-un-politist-de-23-de-ani-a-cazut-de-la-etaj-ancheta-de-proportii\/"},"modified":"2024-10-24T07:44:48","modified_gmt":"2024-10-24T07:44:48","slug":"tragedie-in-capitala-un-politist-de-23-de-ani-a-cazut-de-la-etaj-ancheta-de-proportii","status":"publish","type":"post","link":"https:\/\/247stiri.ro\/index.php\/2024\/10\/24\/tragedie-in-capitala-un-politist-de-23-de-ani-a-cazut-de-la-etaj-ancheta-de-proportii\/","title":{"rendered":"Tragedie \u00een Capital\u0103: un poli\u021bist de 23 de ani a c\u0103zut de la etaj! Anchet\u0103 de propor\u021bii"},"content":{"rendered":"<p>Incident tragic \u00een Sectorul 3 al Capitalei. Un poli\u021bist de 23 de ani \u0219i-a pierdut via\u021ba dup\u0103 ce s-a precipitat de la etajul unui bloc.<\/p>\n<p>\u201eLa data de 24 octombrie 2024, \u00een jurul orei 01.40, poli\u021bi\u0219ti din cadrul Direc\u021biei Generale de Poli\u021bie a Municipiului Bucure\u0219ti- Sec\u021bia 13 Poli\u021bie au fost sesiza\u021bi cu privire la faptul c\u0103 o persoan\u0103 s-ar fi precipitat de la un etaj superior al unui bloc, situat \u00een Sectorul 3.<\/p>\n<p>Poli\u021bi\u0219tii care s-au deplasat cu operativitate la fa\u021ba locului au constatat faptul c\u0103 aspectele sesizate se confirm\u0103, persoana \u00een cauz\u0103 fiind un b\u0103rbat, \u00een v\u00e2rst\u0103 de 23 de ani.<\/p>\n<p>Un echipaj SMURD sosit la adres\u0103 a constat decesul acesteia.\u00a0<\/p>\n<p>\u00cen urma verific\u0103rilor efectuate, s-a constatat faptul c\u0103 persoana \u00een cauz\u0103 este lucr\u0103tor de poli\u021bie.<\/p>\n<p>De asemenea, \u00een acest moment se fac verific\u0103ri pentru stabilirea tuturor circumstan\u021belor \u00een care s-a produs acest incident.<\/p>\n<p>S-a procedat la asigurarea \u0219i delimitarea locului, cazul fiind preluat de c\u0103tre Serviciul Omoruri.\u00a0<\/p>\n<p>Cercet\u0103rile sunt continuate de c\u0103tre Parchetul de pe l\u00e2ng\u0103 Tribunalul Bucure\u0219ti, \u00eempreun\u0103 cu Serviciul Omoruri, \u00een vederea stabilirii situa\u021biei de fapt \u0219i a \u00eemprejur\u0103rilor \u00een care s-a produs evenimentul.<\/p>\n<p>Trupul ne\u00eensufle\u021bit a fost transportat la Institutul Na\u021bional de Medicin\u0103 Legal\u0103, \u00een vederea efectu\u0103rii necropsiei\u201d, a transmis Poli\u021bia.<\/p>\n<p>\u00a0<\/p>","protected":false},"excerpt":{"rendered":"<p>Incident tragic \u00een Sectorul 3 al Capitalei. Un poli\u021bist de 23 de ani \u0219i-a pierdut&hellip;<\/p>\n","protected":false},"author":0,"featured_media":1406,"comment_status":"open","ping_status":"open","sticky":false,"template":"","format":"standard","meta":{"footnotes":""},"categories":[2],"tags":[],"class_list":["post-1405","post","type-post","status-publish","format-standard","has-post-thumbnail","hentry","category-actual"],"_links":{"self":[{"href":"https:\/\/247stiri.ro\/index.php\/wp-json\/wp\/v2\/posts\/1405","targetHints":{"allow":["GET"]}}],"collection":[{"href":"https:\/\/247stiri.ro\/index.php\/wp-json\/wp\/v2\/posts"}],"about":[{"href":"https:\/\/247stiri.ro\/index.php\/wp-json\/wp\/v2\/types\/post"}],"replies":[{"embeddable":true,"href":"https:\/\/247stiri.ro\/index.php\/wp-json\/wp\/v2\/comments?post=1405"}],"version-history":[{"count":0,"href":"https:\/\/247stiri.ro\/index.php\/wp-json\/wp\/v2\/posts\/1405\/revisions"}],"wp:featuredmedia":[{"embeddable":true,"href":"https:\/\/247stiri.ro\/index.php\/wp-json\/wp\/v2\/media\/1406"}],"wp:attachment":[{"href":"https:\/\/247stiri.ro\/index.php\/wp-json\/wp\/v2\/media?parent=1405"}],"wp:term":[{"taxonomy":"category","embeddable":true,"href":"https:\/\/247stiri.ro\/index.php\/wp-json\/wp\/v2\/categories?post=1405"},{"taxonomy":"post_tag","embeddable":true,"href":"https:\/\/247stiri.ro\/index.php\/wp-json\/wp\/v2\/tags?post=1405"}],"curies":[{"name":"wp","href":"https:\/\/api.w.org\/{rel}","templated":true}]}}