{"id":14064,"date":"2024-12-06T13:50:05","date_gmt":"2024-12-06T13:50:05","guid":{"rendered":"https:\/\/247stiri.ro\/index.php\/2024\/12\/06\/marcel-ciolacu-despre-decizia-ccr-este-singura-solutie-corecta-dupa-desecretizarea-documentelor-din-sedinta-csat\/"},"modified":"2024-12-06T13:50:05","modified_gmt":"2024-12-06T13:50:05","slug":"marcel-ciolacu-despre-decizia-ccr-este-singura-solutie-corecta-dupa-desecretizarea-documentelor-din-sedinta-csat","status":"publish","type":"post","link":"https:\/\/247stiri.ro\/index.php\/2024\/12\/06\/marcel-ciolacu-despre-decizia-ccr-este-singura-solutie-corecta-dupa-desecretizarea-documentelor-din-sedinta-csat\/","title":{"rendered":"Marcel Ciolacu, despre decizia CCR: Este singura solu\u021bie corect\u0103 dup\u0103 desecretizarea documentelor din \u0219edin\u021ba CSAT"},"content":{"rendered":"<p>&#8222;Alegerile preziden\u021biale trebuie reluate. \u00cen acela\u0219i timp, anchetele autorit\u0103\u021bilor trebuie s\u0103 arate cine sunt vinova\u021bii pentru tentativa de a influen\u021ba masiv rezultatul scrutinului preziden\u021bial. Rom\u00e2nii au nevoie de r\u0103spunsuri clare din partea autorit\u0103\u021bilor, bazate pe dovezi solide, pentru c\u0103 de aceast\u0103 anchet\u0103 depinde \u00een mod fundamental \u00eencrederea publicului \u00een institu\u021biile statului \u0219i \u00een procesele democratice care stau la baza func\u021bion\u0103rii \u021b\u0103rii.\u00a0Acum, sunt extrem de importante validarea mandatelor noului Parlament \u0219i realizarea unei majorit\u0103\u021bi parlamentare pro-europene, care s\u0103 sus\u021bin\u0103 numirea rapid\u0103 a unui nou guvern, a c\u0103rui prioritate este continuarea traseului european de dezvoltare a Rom\u00e2niei. PSD a semnat, al\u0103turi de PNL, USR, UDMR \u0219i reprezentan\u021bii minorit\u0103\u021bilor, un acord \u00een acest sens \u0219i consider\u0103 c\u0103 \u00een acest moment partidele trebuie s\u0103 pun\u0103 mai presus de interesele proprii un singur obiectiv na\u021bional \u2013 stoparea for\u021belor extremiste.\u00a0Numirea noului guvern pro-european este un semnal important pentru mediul economic \u0219i pentru investitorii str\u0103ini, \u021bin\u00e2nd cont de reac\u021biile \u00eengrijor\u0103toare din ultimele dou\u0103 s\u0103pt\u0103m\u00e2ni. Totodat\u0103, numirea noului guvern este esen\u021bial\u0103 pentru a putea proteja veniturile rom\u00e2nilor \u0219i pentru a construi un buget pentru 2025 care s\u0103 garanteze continuarea proiectelor de investi\u021bii pe bani europeni&#8221;, a transmis Ciolacu, \u00een postarea citat\u0103.\u00a0<\/p>","protected":false},"excerpt":{"rendered":"<p>&#8222;Alegerile preziden\u021biale trebuie reluate. \u00cen acela\u0219i timp, anchetele autorit\u0103\u021bilor trebuie s\u0103 arate cine sunt vinova\u021bii&hellip;<\/p>\n","protected":false},"author":0,"featured_media":14065,"comment_status":"open","ping_status":"open","sticky":false,"template":"","format":"standard","meta":{"footnotes":""},"categories":[3],"tags":[],"class_list":["post-14064","post","type-post","status-publish","format-standard","has-post-thumbnail","hentry","category-politica"],"_links":{"self":[{"href":"https:\/\/247stiri.ro\/index.php\/wp-json\/wp\/v2\/posts\/14064","targetHints":{"allow":["GET"]}}],"collection":[{"href":"https:\/\/247stiri.ro\/index.php\/wp-json\/wp\/v2\/posts"}],"about":[{"href":"https:\/\/247stiri.ro\/index.php\/wp-json\/wp\/v2\/types\/post"}],"replies":[{"embeddable":true,"href":"https:\/\/247stiri.ro\/index.php\/wp-json\/wp\/v2\/comments?post=14064"}],"version-history":[{"count":0,"href":"https:\/\/247stiri.ro\/index.php\/wp-json\/wp\/v2\/posts\/14064\/revisions"}],"wp:featuredmedia":[{"embeddable":true,"href":"https:\/\/247stiri.ro\/index.php\/wp-json\/wp\/v2\/media\/14065"}],"wp:attachment":[{"href":"https:\/\/247stiri.ro\/index.php\/wp-json\/wp\/v2\/media?parent=14064"}],"wp:term":[{"taxonomy":"category","embeddable":true,"href":"https:\/\/247stiri.ro\/index.php\/wp-json\/wp\/v2\/categories?post=14064"},{"taxonomy":"post_tag","embeddable":true,"href":"https:\/\/247stiri.ro\/index.php\/wp-json\/wp\/v2\/tags?post=14064"}],"curies":[{"name":"wp","href":"https:\/\/api.w.org\/{rel}","templated":true}]}}