{"id":14066,"date":"2024-12-06T13:50:05","date_gmt":"2024-12-06T13:50:05","guid":{"rendered":"https:\/\/247stiri.ro\/index.php\/2024\/12\/06\/diana-sosoaca-reactie-exploziva-dupa-anularea-primului-tur-al-alegerilor-prezidentiale\/"},"modified":"2024-12-06T13:50:05","modified_gmt":"2024-12-06T13:50:05","slug":"diana-sosoaca-reactie-exploziva-dupa-anularea-primului-tur-al-alegerilor-prezidentiale","status":"publish","type":"post","link":"https:\/\/247stiri.ro\/index.php\/2024\/12\/06\/diana-sosoaca-reactie-exploziva-dupa-anularea-primului-tur-al-alegerilor-prezidentiale\/","title":{"rendered":"Diana \u0218o\u0219oac\u0103, reac\u021bie exploziv\u0103 dup\u0103 anularea primului tur al alegerilor preziden\u021biale\u00a0"},"content":{"rendered":"<p>&#8222;Am spus-o si repet: alegerile prezidentiale sunt lovite de nulitate absoluta odata cu excluderea neconstitutionala a candidatei Diana Sosoaca.\u00a0<\/p>\n<p>Atunci a fost lovitura de stat acceptata de voi toti. Toti vor primi ceea ce merita&#8221;, a scris Diana Sosoaca, intr-o postare pe Facebook, la scurt timp dupa decizia Curtii Constitutionale.<\/p>\n<p>Curtea Constitu\u0163ional\u0103 a decis, ast\u0103zi, anularea \u00eentregului proces electoral al alegerilor preziden\u0163iale.<\/p>\n<p>&#8222;\u00cen \u015fedin\u0163a din data de 6 decembrie 2024, Curtea Constitu\u0163ional\u0103, \u00een vederea asigur\u0103rii corectitudinii \u015fi legalit\u0103\u0163ii procesului electoral, \u015fi-a exercitat atribu\u0163ia prev\u0103zut\u0103 de art.146 lit.f) din Constitu\u0163ie \u015fi, cu unanimitate de voturi, a hot\u0103r\u00e2t urm\u0103toarele: \u00cen temeiul art. 145 lit. f) din Constitu\u0163ie, anuleaz\u0103 \u00eentregul proces electoral cu privire la alegerea pre\u015fedintelui Rom\u00e2niei, desf\u0103\u015furat \u00een baza HG 756\/2024 privind stabilirea datei alegerilor pentru pre\u015fedintele Rom\u00e2niei \u00een anul 2024 \u015fi a HG 1061\/2024 privind aprobarea programului calendaristic pentru realizarea ac\u0163iunilor necesare pentru alegerea pre\u015fedintelui Rom\u00e2niei \u00een anul 2024&#8221;, se arat\u0103 \u00een decizia CCR.<\/p>\n<p>Practic, \u00een urma acestei decizii se anuleaz\u0103 rezultatele din primul tur, iar alegerile preziden\u0163iale se reiau de la zero, inclusiv programul pentru desf\u0103\u015furarea campaniei electorale.<\/p>\n<p>&#8222;Procesul electoral pentru alegerea pre\u015fedintelui Rom\u00e2niei va fi reluat \u00een integralitate, Guvernul urm\u00e2nd s\u0103 stabileasc\u0103 o nou\u0103 dat\u0103 pentru alegerea pre\u015fedintelui Rom\u00e2niei, precum \u015fi un nou program calendaristic pentru realizarea ac\u0163iunilor necesare&#8221;, se mai arat\u0103 \u00een decizia CCR.<\/p>","protected":false},"excerpt":{"rendered":"<p>&#8222;Am spus-o si repet: alegerile prezidentiale sunt lovite de nulitate absoluta odata cu excluderea neconstitutionala&hellip;<\/p>\n","protected":false},"author":0,"featured_media":14067,"comment_status":"open","ping_status":"open","sticky":false,"template":"","format":"standard","meta":{"footnotes":""},"categories":[3],"tags":[],"class_list":["post-14066","post","type-post","status-publish","format-standard","has-post-thumbnail","hentry","category-politica"],"_links":{"self":[{"href":"https:\/\/247stiri.ro\/index.php\/wp-json\/wp\/v2\/posts\/14066","targetHints":{"allow":["GET"]}}],"collection":[{"href":"https:\/\/247stiri.ro\/index.php\/wp-json\/wp\/v2\/posts"}],"about":[{"href":"https:\/\/247stiri.ro\/index.php\/wp-json\/wp\/v2\/types\/post"}],"replies":[{"embeddable":true,"href":"https:\/\/247stiri.ro\/index.php\/wp-json\/wp\/v2\/comments?post=14066"}],"version-history":[{"count":0,"href":"https:\/\/247stiri.ro\/index.php\/wp-json\/wp\/v2\/posts\/14066\/revisions"}],"wp:featuredmedia":[{"embeddable":true,"href":"https:\/\/247stiri.ro\/index.php\/wp-json\/wp\/v2\/media\/14067"}],"wp:attachment":[{"href":"https:\/\/247stiri.ro\/index.php\/wp-json\/wp\/v2\/media?parent=14066"}],"wp:term":[{"taxonomy":"category","embeddable":true,"href":"https:\/\/247stiri.ro\/index.php\/wp-json\/wp\/v2\/categories?post=14066"},{"taxonomy":"post_tag","embeddable":true,"href":"https:\/\/247stiri.ro\/index.php\/wp-json\/wp\/v2\/tags?post=14066"}],"curies":[{"name":"wp","href":"https:\/\/api.w.org\/{rel}","templated":true}]}}