{"id":14078,"date":"2024-12-06T13:50:08","date_gmt":"2024-12-06T13:50:08","guid":{"rendered":"https:\/\/247stiri.ro\/index.php\/2024\/12\/06\/anca-alexandrescu-despre-anularea-alegerilor-din-primul-tur-este-un-atac-la-ordinea-constitutionala-si-o-lovitura-de-stat-fara-precedent\/"},"modified":"2024-12-06T13:50:08","modified_gmt":"2024-12-06T13:50:08","slug":"anca-alexandrescu-despre-anularea-alegerilor-din-primul-tur-este-un-atac-la-ordinea-constitutionala-si-o-lovitura-de-stat-fara-precedent","status":"publish","type":"post","link":"https:\/\/247stiri.ro\/index.php\/2024\/12\/06\/anca-alexandrescu-despre-anularea-alegerilor-din-primul-tur-este-un-atac-la-ordinea-constitutionala-si-o-lovitura-de-stat-fara-precedent\/","title":{"rendered":"Anca Alexandrescu, despre anularea alegerilor din primul tur: \u201eEste un atac la ordinea constitu\u021bional\u0103 \u0219i o lovitur\u0103 de stat f\u0103r\u0103 precedent\u201d"},"content":{"rendered":"<p>\u201eSt\u0103 \u00een picioare tot ce am spus de diminea\u021b\u0103 c\u0103 nu este nicio justificare de a anula alegerile \u00een momentul \u00een care turul 2 a \u00eenceput, deja se voteaz\u0103. Cei care au f\u0103cut asta risc\u0103 pedepse penale, dar vreau s\u0103 v\u0103 spun urm\u0103torul lucru: ce nu au reu\u0219it minerii s\u0103 fac\u0103, au reu\u0219it judec\u0103torii CCR, este un atac la ordinea constitu\u021bional\u0103 \u0219i o lovitur\u0103 de stat f\u0103r\u0103 precedent \u0219i cred c\u0103 lucrurile nu se vor opri aici.<\/p>\n<p>Din punctul meu de vedere va urma o perioad\u0103 foarte zbuciumat\u0103 pentru Rom\u00e2nia. \u00cei \u00eencurajez pe to\u021bi s\u0103 r\u0103m\u00e2n\u0103 calmi, s\u0103 nu r\u0103spund\u0103 la provoc\u0103ri. Este foarte important ce vor face autorit\u0103\u021bile statului. Oamenii vor fi extrem de nervo\u0219i \u0219i de supar\u0103\u021bi. Noi va trebui s\u0103 \u00eendemn\u0103m la calm, la echilibru, s\u0103 nu r\u0103spund\u0103 lumea la violen\u021be \u0219i provoc\u0103ri. Este un eveniment extrem de important dup\u0103 35 de ani de la evenimentele din dec 1989, nu am crezut ca voi trai vreodat\u0103 a\u0219a ceva. Este inadmisibil cum \u00eentreg aparatul de stat a fost pus la dispozi\u021bia unui candidat la preziden\u021biale doar pentru ca ni\u0219te personaje precum Iohannis \u0219i B\u0103sescu nu vor s\u0103 piard\u0103 puterea.\u201d<\/p>\n<p>\u00cen leg\u0103tur\u0103 cu lista diferita de la alegeri, Anca Alexandrescu a spus c\u0103 dac\u0103 se reiau alegerile, totul trebuie reluat de la 0.<\/p>\n<p>\u201eAsta stabile\u0219te cineva din pix, daca se reiau alegerile, trebuie reluat de la 0 totul. Nu stabilesc anumite personaje din statul roman cine are voie si cine nu are voie sa candideze la pre\u0219edin\u021bia Rom\u00e2niei. Este f\u0103r\u0103 precedent, inadmisibil, am sa stau cu ochii asupra evolu\u021biei. Disear\u0103 de la ora 21 voi fi in direct la CSP.<\/p>\n<p>\u00centrebat\u0103 dac\u0103 se vor relua \u0219i alegerile parlamentare, moderatoarea a spus clar c\u0103 aceast\u0103 decizie a CCR nu are nicio leg\u0103tur\u0103 cu alegerile parlamentare.<\/p>\n<p>Nu cred ca are vreo leg\u0103tur\u0103 cu procesul electoral pentru alegerile parlamentare, pentru c\u0103 aici s-a vorbit doar despre alegerile preziden\u021biale. Nu se poate face o asemenea afirma\u021bie, aici a fost vorba de cum au influen\u021bat post\u0103rile de pe TikTok alegerile preziden\u021biale. si-asa este o for\u021bare uria\u0219\u0103 prin care se \u00eencalc\u0103 statul de drept in Rom\u00e2nia. Este inadmisibil ceea ce se \u00eent\u00e2mpl\u0103.<\/p>\n<p>Urm\u0103toarea problem\u0103 pe care mi-o pun este dac\u0103 \u00eei vor face sau nu dosar penal lui C\u0103lin Georgescu. Este foarte clar c\u0103 aceast\u0103 toat\u0103 ac\u021biune este f\u0103cut\u0103 \u00eempotriva lui C\u0103lin Georgescu. \u00cel vor scoate din curs\u0103 pe C\u0103lin Georgescu ca s\u0103 nu se mai poat\u0103 \u00eenscrie la o nou\u0103 candidatur\u0103. Reluarea \u00eenseamn\u0103 \u0219i adunarea semn\u0103turilor din nou. Tot procesul electoral se va relua. Ce se \u00eent\u00e2mpl\u0103 cu Rom\u00e2nia? Cine este pre\u0219edintele rom\u00e2nilor?\u201d, a declarat Anca Alexandrescu la Realitatea Plus.\u00a0<\/p>\n<p>\u00a0<\/p>","protected":false},"excerpt":{"rendered":"<p>\u201eSt\u0103 \u00een picioare tot ce am spus de diminea\u021b\u0103 c\u0103 nu este nicio justificare de&hellip;<\/p>\n","protected":false},"author":0,"featured_media":14073,"comment_status":"open","ping_status":"open","sticky":false,"template":"","format":"standard","meta":{"footnotes":""},"categories":[2],"tags":[],"class_list":["post-14078","post","type-post","status-publish","format-standard","has-post-thumbnail","hentry","category-actual"],"_links":{"self":[{"href":"https:\/\/247stiri.ro\/index.php\/wp-json\/wp\/v2\/posts\/14078","targetHints":{"allow":["GET"]}}],"collection":[{"href":"https:\/\/247stiri.ro\/index.php\/wp-json\/wp\/v2\/posts"}],"about":[{"href":"https:\/\/247stiri.ro\/index.php\/wp-json\/wp\/v2\/types\/post"}],"replies":[{"embeddable":true,"href":"https:\/\/247stiri.ro\/index.php\/wp-json\/wp\/v2\/comments?post=14078"}],"version-history":[{"count":0,"href":"https:\/\/247stiri.ro\/index.php\/wp-json\/wp\/v2\/posts\/14078\/revisions"}],"wp:featuredmedia":[{"embeddable":true,"href":"https:\/\/247stiri.ro\/index.php\/wp-json\/wp\/v2\/media\/14073"}],"wp:attachment":[{"href":"https:\/\/247stiri.ro\/index.php\/wp-json\/wp\/v2\/media?parent=14078"}],"wp:term":[{"taxonomy":"category","embeddable":true,"href":"https:\/\/247stiri.ro\/index.php\/wp-json\/wp\/v2\/categories?post=14078"},{"taxonomy":"post_tag","embeddable":true,"href":"https:\/\/247stiri.ro\/index.php\/wp-json\/wp\/v2\/tags?post=14078"}],"curies":[{"name":"wp","href":"https:\/\/api.w.org\/{rel}","templated":true}]}}