{"id":14097,"date":"2024-12-06T14:44:49","date_gmt":"2024-12-06T14:44:49","guid":{"rendered":"https:\/\/247stiri.ro\/index.php\/2024\/12\/06\/fostul-ambasador-al-sua-adrian-zuckerman-vine-cu-declaratii-dupa-decizia-ccr-e-foarte-buna-a-salvat-romania-de-la-rusi\/"},"modified":"2024-12-06T14:44:49","modified_gmt":"2024-12-06T14:44:49","slug":"fostul-ambasador-al-sua-adrian-zuckerman-vine-cu-declaratii-dupa-decizia-ccr-e-foarte-buna-a-salvat-romania-de-la-rusi","status":"publish","type":"post","link":"https:\/\/247stiri.ro\/index.php\/2024\/12\/06\/fostul-ambasador-al-sua-adrian-zuckerman-vine-cu-declaratii-dupa-decizia-ccr-e-foarte-buna-a-salvat-romania-de-la-rusi\/","title":{"rendered":"Fostul ambasador al SUA, Adrian Zuckerman, vine cu declara\u021bii dup\u0103 decizia CCR: \u201eE foarte bun\u0103. A salvat Rom\u00e2nia de la ru\u0219i!\u201d"},"content":{"rendered":"<p>\u201eE o decizie foarte bun\u0103, \u00een opinia mea. Vreau s\u0103 mul\u021bumesc Cur\u021bii c\u0103 au ajuns la aceast\u0103 decizie cu unanimitate. Cred c\u0103 au salvat Rom\u00e2nia de la ru\u0219i, de la un candidat rus, eu l-am numit \u00abThe Manchurian Candidate\u00bb al ru\u0219ilor. Ce s-a \u00eent\u00e2mplat aici a fost o lovitur\u0103 de un stat \u00eempotriva altui stat. Nu s-a v\u0103zut p\u00e2n\u0103 acum ceva de m\u0103rimea asta, de sofisticarea asta\u201d, a declarat Adrian Zuckerman.<\/p>\n<p>Atac cibernetic sofisticat<\/p>\n<p>Fostul ambasador a descris evenimentele care au dus la <a href=\"https:\/\/www.realitatea.net\/stiri\/politica\/sedinta-cruciala-la-ccr-pe-tema-reluarii-alegerilor-prezidentiale_67529583b380410a89223ba2\" target=\"_blank\">decizia CCR<\/a> drept un atac cibernetic planificat cu mare aten\u021bie.\u00a0<\/p>\n<p>\u201eDin ce \u00een\u021beleg eu, acest atac cibernetic a fost pus la cale acum mul\u021bi ani, foarte sofisticat, cost\u00e2nd milioane, zeci de milioane, nici nu-i clar \u00eenc\u0103 c\u00e2t a costat, c\u00e2\u021bi oameni au fost implica\u021bi, de unde, cine a fost implicat \u00een Rom\u00e2nia, cine a fost implicat \u00een afara Rom\u00e2niei \u0219i, de aia, Curtea a f\u0103cut, \u00een opinia mea, exact ce trebuia s\u0103 fac\u0103, s\u0103 am\u00e2ne alegerile, s\u0103 anuleze primul tur\u201d, a continuat Zuckerman.<\/p>\n<p>\u201eAtacul a fost pentru domnul Georgescu, \u00eempotriva celorlal\u021bi candida\u021bi \u0219i \u00eempotriva statului rom\u00e2n. Trebuie s\u0103 fie o anchet\u0103 foarte bine f\u0103cut\u0103 de oameni care nu sunt politici, ca poporul s\u0103 poat\u0103 s\u0103 aib\u0103 toat\u0103 \u00eencrederea \u00een concluziile de anchet\u0103, \u0219i trebuie s\u0103 fie adu\u0219i oamenii care au participat la a\u0219a ceva, \u00een justi\u021bie, \u0219i trebuie s\u0103 fie luate m\u0103suri ca s\u0103 nu se \u00eent\u00e2mple a\u0219a ceva \u00een viitor\u201d, a mai spus fostul ambasador.<\/p>\n<p>Zuckerman a \u00eencheiat reiter\u00e2nd <a href=\"https:\/\/www.realitatea.net\/stiri\/politica\/daniel-fenechiu-guvernul-trebuie-sa-stabileasca-un-nou-calendar-electoral-cand-ar-putea-avea-loc-cel-mai-repede-din-nou-alegerile_6752fc1b49165f222a72de42\" target=\"_blank\">importan\u021ba unit\u0103\u021bii institu\u021bionale \u0219i a vigilen\u021bei<\/a> pentru a asigura independen\u021ba \u0219i suveranitatea Rom\u00e2niei pe scena interna\u021bional\u0103.<\/p>","protected":false},"excerpt":{"rendered":"<p>\u201eE o decizie foarte bun\u0103, \u00een opinia mea. Vreau s\u0103 mul\u021bumesc Cur\u021bii c\u0103 au ajuns&hellip;<\/p>\n","protected":false},"author":0,"featured_media":14098,"comment_status":"open","ping_status":"open","sticky":false,"template":"","format":"standard","meta":{"footnotes":""},"categories":[3],"tags":[],"class_list":["post-14097","post","type-post","status-publish","format-standard","has-post-thumbnail","hentry","category-politica"],"_links":{"self":[{"href":"https:\/\/247stiri.ro\/index.php\/wp-json\/wp\/v2\/posts\/14097","targetHints":{"allow":["GET"]}}],"collection":[{"href":"https:\/\/247stiri.ro\/index.php\/wp-json\/wp\/v2\/posts"}],"about":[{"href":"https:\/\/247stiri.ro\/index.php\/wp-json\/wp\/v2\/types\/post"}],"replies":[{"embeddable":true,"href":"https:\/\/247stiri.ro\/index.php\/wp-json\/wp\/v2\/comments?post=14097"}],"version-history":[{"count":0,"href":"https:\/\/247stiri.ro\/index.php\/wp-json\/wp\/v2\/posts\/14097\/revisions"}],"wp:featuredmedia":[{"embeddable":true,"href":"https:\/\/247stiri.ro\/index.php\/wp-json\/wp\/v2\/media\/14098"}],"wp:attachment":[{"href":"https:\/\/247stiri.ro\/index.php\/wp-json\/wp\/v2\/media?parent=14097"}],"wp:term":[{"taxonomy":"category","embeddable":true,"href":"https:\/\/247stiri.ro\/index.php\/wp-json\/wp\/v2\/categories?post=14097"},{"taxonomy":"post_tag","embeddable":true,"href":"https:\/\/247stiri.ro\/index.php\/wp-json\/wp\/v2\/tags?post=14097"}],"curies":[{"name":"wp","href":"https:\/\/api.w.org\/{rel}","templated":true}]}}