{"id":14101,"date":"2024-12-06T14:44:49","date_gmt":"2024-12-06T14:44:49","guid":{"rendered":"https:\/\/247stiri.ro\/index.php\/2024\/12\/06\/klaus-iohannis-prima-iesire-publica-dupa-ce-curtea-constitutionala-a-anulat-alegerile-reactia-presedintelui\/"},"modified":"2024-12-06T14:44:49","modified_gmt":"2024-12-06T14:44:49","slug":"klaus-iohannis-prima-iesire-publica-dupa-ce-curtea-constitutionala-a-anulat-alegerile-reactia-presedintelui","status":"publish","type":"post","link":"https:\/\/247stiri.ro\/index.php\/2024\/12\/06\/klaus-iohannis-prima-iesire-publica-dupa-ce-curtea-constitutionala-a-anulat-alegerile-reactia-presedintelui\/","title":{"rendered":"Klaus Iohannis, prima ie\u0219ire PUBLIC\u0102 dup\u0103 ce Curtea Constitu\u021bional\u0103 a anulat alegerile\u00a0&#8211; reac\u021bia pre\u0219edintelui"},"content":{"rendered":"<p>Klaus Iohannis a anunn\u021bat c\u0103 va face o declara\u021bie de pres\u0103 la ora 19:00, \u0219i nu o conferin\u021b\u0103, urm\u0103nd s\u0103 transmit\u0103 un mesaj pentru \u021bar\u0103.<\/p>\n<p>Este prima interven\u021bie a pre\u0219edintelui Klaus Iohannis dup\u0103 decizia CCR.<\/p>\n<p>Potrivit unor surse citate de Realitatea PLUS, s-ar lua \u00een calcul, \u00een momentul de fa\u021b\u0103, prelungirea mandatului s\u0103u la Cotroceni.<\/p>\n<p><a href=\"https:\/\/www.realitatea.net\/stiri\/politica\/cum-poate-fi-prelungit-mandatul-lui-klaus-iohannis-ce-prevede-constitutia_67530569f80ccf0180438f42\" target=\"_blank\">Cum poate fi prelungit mandatul lui Klaus Iohannis. Ce prevede Constitu\u021bia<\/a><\/p>","protected":false},"excerpt":{"rendered":"<p>Klaus Iohannis a anunn\u021bat c\u0103 va face o declara\u021bie de pres\u0103 la ora 19:00, \u0219i&hellip;<\/p>\n","protected":false},"author":0,"featured_media":14102,"comment_status":"open","ping_status":"open","sticky":false,"template":"","format":"standard","meta":{"footnotes":""},"categories":[3],"tags":[],"class_list":["post-14101","post","type-post","status-publish","format-standard","has-post-thumbnail","hentry","category-politica"],"_links":{"self":[{"href":"https:\/\/247stiri.ro\/index.php\/wp-json\/wp\/v2\/posts\/14101","targetHints":{"allow":["GET"]}}],"collection":[{"href":"https:\/\/247stiri.ro\/index.php\/wp-json\/wp\/v2\/posts"}],"about":[{"href":"https:\/\/247stiri.ro\/index.php\/wp-json\/wp\/v2\/types\/post"}],"replies":[{"embeddable":true,"href":"https:\/\/247stiri.ro\/index.php\/wp-json\/wp\/v2\/comments?post=14101"}],"version-history":[{"count":0,"href":"https:\/\/247stiri.ro\/index.php\/wp-json\/wp\/v2\/posts\/14101\/revisions"}],"wp:featuredmedia":[{"embeddable":true,"href":"https:\/\/247stiri.ro\/index.php\/wp-json\/wp\/v2\/media\/14102"}],"wp:attachment":[{"href":"https:\/\/247stiri.ro\/index.php\/wp-json\/wp\/v2\/media?parent=14101"}],"wp:term":[{"taxonomy":"category","embeddable":true,"href":"https:\/\/247stiri.ro\/index.php\/wp-json\/wp\/v2\/categories?post=14101"},{"taxonomy":"post_tag","embeddable":true,"href":"https:\/\/247stiri.ro\/index.php\/wp-json\/wp\/v2\/tags?post=14101"}],"curies":[{"name":"wp","href":"https:\/\/api.w.org\/{rel}","templated":true}]}}