{"id":14105,"date":"2024-12-06T14:44:50","date_gmt":"2024-12-06T14:44:50","guid":{"rendered":"https:\/\/247stiri.ro\/index.php\/2024\/12\/06\/un-fost-judecator-ccr-comenteaza-decizia-curtii-si-implicatiile-acesteia-s-au-dat-niste-voturi-nule-si-au-pierdut-timpul-de-pomana\/"},"modified":"2024-12-06T14:44:50","modified_gmt":"2024-12-06T14:44:50","slug":"un-fost-judecator-ccr-comenteaza-decizia-curtii-si-implicatiile-acesteia-s-au-dat-niste-voturi-nule-si-au-pierdut-timpul-de-pomana","status":"publish","type":"post","link":"https:\/\/247stiri.ro\/index.php\/2024\/12\/06\/un-fost-judecator-ccr-comenteaza-decizia-curtii-si-implicatiile-acesteia-s-au-dat-niste-voturi-nule-si-au-pierdut-timpul-de-pomana\/","title":{"rendered":"Un fost judec\u0103tor CCR comenteaz\u0103 decizia Cur\u021bii \u0219i implica\u021biile acesteia: \u201eS-au dat niste voturi nule si au pierdut timpul de pomana\u201d"},"content":{"rendered":"<p>L\u0103z\u0103roiu a eviden\u021biat nevoia de clarific\u0103ri din partea Cur\u021bii \u00een privin\u021ba motivelor care au condus la aceast\u0103 hot\u0103r\u00e2re, f\u0103c\u00e2nd referire la interven\u021biile statale men\u021bionate \u00een documentele desecretizate de la CSAT. De asemenea, Patre L\u0103z\u0103roiu a subliniat incertitudinea care planeaz\u0103 asupra viitorului alegerilor, inclusiv asupra posibilelor date pentru reluarea turului I, precum \u0219i impactul asupra candida\u021bilor \u0219i aleg\u0103torilor, eviden\u021biind confuzia \u0219i frustrarea pe care decizia CCR le poate genera \u00een r\u00e2ndul cet\u0103\u021benilor rom\u00e2ni care au votat deja \u00een str\u0103in\u0103tate.\u00a0<\/p>\n<p>Realitatea Plus: Curtea Constitutionala a anulat turul I la prezidentiale. Care ar fi motivatia, dupa parerea dumneavoastra, si care sunt consecintele pe mai departe<\/p>\n<p>Petre L\u0103z\u0103roiu: Pai motivatia nu stiu sa va spun, ca trebuie sa o ghicesc si nu merge pe ghicit.<\/p>\n<p>Realitatea Plus: Curtea Constitutionala si plangerile facute de SNSPA si calea europeana au avut la unison documentele desecretizate de la CSAT. Iar in acele documente se scria ca a fost o interventie statala in alegerile prezidentiale din Romania. Eu cred ca asta ar fi unul dintre motive, daca nu cumva Curtea nu are alte documente. Si de aici am putea discuta ca sa incercam cumva sa lamurim situatia<\/p>\n<p>Petre L\u0103z\u0103roiu: Da, s-ar putea, numai ca daca noi nu le stim nu putem sa comentam<\/p>\n<p>Realitatea Plus: In cat timp s-ar putea relua turul I?<\/p>\n<p>Petre L\u0103z\u0103roiu: Asta depinde ce decide guvernul. Guvernul poate sa stabileasca noi date. Dar deocamdata nu stim nimic sigur. Dar raman toti competitorii? Ca din cate am inteles este presiunea foarte mare sa il scoata pe Georgescu din joc, asta este de fapt interesul.<\/p>\n<p>Realitatea Plus: Articolul 3 zice asa: Curtea Constitutionala a validat initial alegerile din turul I, acum le intoarce. Se contrazice Curtea, s-a mai intamplat in jurisprudenta Curtii acest lucru?<\/p>\n<p>Petre L\u0103z\u0103roiu: S-a mai intamplat, dar sa clarificam un lucru: Daca acum le-a invalidat, Curtea ar trebui sa vina cu niste chestiuni foarte clare, adica sa ne explice de ce totusi s-a ajuns la o astfel de situatie.<\/p>\n<p>Realitatea Plus: Ce se intampla cu romanii care au votat deja in strainatate?<\/p>\n<p>Petre L\u0103z\u0103roiu: S-au dat niste voturi nule si au pierdut timpul de pomana. Asta o sa se intample<\/p>\n<p>Realitatea Plus: Cand zice ca se anuleaza alegerile pentru prezidentiale, aici vorbim de intreg calendarul de campanie electorala?<\/p>\n<p>Petre L\u0103z\u0103roiu: Asta inseamna ca guvernul va trebui sa stabileasca noile date. Nu mai poate sa stabileasca lista competitorilor. Cel putin teoretic si procedural asa ar trebui sa fie. Nu mai schimba candidatii care au fost validati de BEC.<\/p>\n<p>Realitatea Plus: Dar s-a mai dat o decizie de la CCR in care a fost validat turul I. Ce s-a schimbat in asa scurt timp, in opinia dumneavoastra?<\/p>\n<p>Petre L\u0103z\u0103roiu: Nu stiu, v-am spus, si pentru mine este un semn de intrebare, o sa vedem ce spune Curtea<\/p>\n<p><a title='Anca Alexandrescu, despre anularea alegerilor din primul tur: ,,Este un atac la ordinea constitutionala si o lovitura de stat fara precedent\"' href=\"https:\/\/www.realitatea.net\/stiri\/actual\/anca-alexandrescu-despre-anularea-alegerilor-din-primul-tur-este-un-atac-la-ordinea-constitutionala-si-o-lovitura-de-stat-fara-precedent_6752f83840502a2a914fed17\">Anca Alexandrescu, despre anularea alegerilor din primul tur: \u201eEste un atac la ordinea constitu\u021bional\u0103 \u0219i o lovitur\u0103 de stat f\u0103r\u0103 precedent\u201d<\/a><\/p>\n<p>\u00a0<\/p>","protected":false},"excerpt":{"rendered":"<p>L\u0103z\u0103roiu a eviden\u021biat nevoia de clarific\u0103ri din partea Cur\u021bii \u00een privin\u021ba motivelor care au condus&hellip;<\/p>\n","protected":false},"author":0,"featured_media":14106,"comment_status":"open","ping_status":"open","sticky":false,"template":"","format":"standard","meta":{"footnotes":""},"categories":[3],"tags":[],"class_list":["post-14105","post","type-post","status-publish","format-standard","has-post-thumbnail","hentry","category-politica"],"_links":{"self":[{"href":"https:\/\/247stiri.ro\/index.php\/wp-json\/wp\/v2\/posts\/14105","targetHints":{"allow":["GET"]}}],"collection":[{"href":"https:\/\/247stiri.ro\/index.php\/wp-json\/wp\/v2\/posts"}],"about":[{"href":"https:\/\/247stiri.ro\/index.php\/wp-json\/wp\/v2\/types\/post"}],"replies":[{"embeddable":true,"href":"https:\/\/247stiri.ro\/index.php\/wp-json\/wp\/v2\/comments?post=14105"}],"version-history":[{"count":0,"href":"https:\/\/247stiri.ro\/index.php\/wp-json\/wp\/v2\/posts\/14105\/revisions"}],"wp:featuredmedia":[{"embeddable":true,"href":"https:\/\/247stiri.ro\/index.php\/wp-json\/wp\/v2\/media\/14106"}],"wp:attachment":[{"href":"https:\/\/247stiri.ro\/index.php\/wp-json\/wp\/v2\/media?parent=14105"}],"wp:term":[{"taxonomy":"category","embeddable":true,"href":"https:\/\/247stiri.ro\/index.php\/wp-json\/wp\/v2\/categories?post=14105"},{"taxonomy":"post_tag","embeddable":true,"href":"https:\/\/247stiri.ro\/index.php\/wp-json\/wp\/v2\/tags?post=14105"}],"curies":[{"name":"wp","href":"https:\/\/api.w.org\/{rel}","templated":true}]}}