{"id":14109,"date":"2024-12-06T14:44:51","date_gmt":"2024-12-06T14:44:51","guid":{"rendered":"https:\/\/247stiri.ro\/index.php\/2024\/12\/06\/nicolae-ciuca-face-apel-la-calm-pe-fondul-anarhiei-electorale-in-care-a-fost-aruncata-romania-este-esential-sa-dam-dovada-de-calm-unitate-si-maturitate\/"},"modified":"2024-12-06T14:44:51","modified_gmt":"2024-12-06T14:44:51","slug":"nicolae-ciuca-face-apel-la-calm-pe-fondul-anarhiei-electorale-in-care-a-fost-aruncata-romania-este-esential-sa-dam-dovada-de-calm-unitate-si-maturitate","status":"publish","type":"post","link":"https:\/\/247stiri.ro\/index.php\/2024\/12\/06\/nicolae-ciuca-face-apel-la-calm-pe-fondul-anarhiei-electorale-in-care-a-fost-aruncata-romania-este-esential-sa-dam-dovada-de-calm-unitate-si-maturitate\/","title":{"rendered":"Nicolae Ciuc\u0103 face apel la calm, pe fondul anarhiei electorale \u00een care a fost aruncat\u0103 Rom\u00e2nia: \u201eEste esen\u021bial s\u0103 d\u0103m dovad\u0103 de calm, unitate \u0219i maturitate\u201d"},"content":{"rendered":"<p>\u00a0\u00centr-o perioad\u0103 caracterizat\u0103 de incertitudine \u0219i tensiuni politice, Ciuc\u0103 subliniaz\u0103 importan\u021ba men\u021binerii calmului, unit\u0103\u021bii \u0219i maturit\u0103\u021bii \u00een r\u00e2ndul cet\u0103\u021benilor \u0219i al for\u021belor politice, apel\u00e2nd la dialog \u0219i cooperare pentru a dep\u0103\u0219i provoc\u0103rile actuale. Mesajul s\u0103u vizeaz\u0103 nu doar clarificarea situa\u021biei electorale, ci \u0219i consolidarea valorilor democratice fundamentale, esen\u021biale pentru viitorul Rom\u00e2niei.\u00a0<\/p>\n<p>\u201eDragi rom\u00e2ni,Decizia Cur\u021bii Constitu\u021bionale de a anula primul tur al alegerilor preziden\u021biale este f\u0103r\u0103 precedent \u00een istoria democratic\u0103 a Rom\u00e2niei. \u00centr-un moment at\u00e2t de important, este esen\u021bial s\u0103 d\u0103m dovad\u0103 de calm, unitate \u0219i maturitate, pun\u00e2nd \u00een prim-plan interesul \u021a\u0103rii \u0219i ap\u0103rarea valorilor democratice.Ca fost candidat \u0219i lider al Partidului Na\u021bional Liberal, \u00een\u021beleg pe deplin importan\u021ba legitimit\u0103\u021bii procesului electoral. De aceea, sus\u021bin toate eforturile necesare pentru clarificarea oric\u0103ror suspiciuni \u0219i pentru garantarea unui scrutin corect, care s\u0103 reflecte voin\u021ba real\u0103 a cet\u0103\u021benilor.Situa\u021bia actual\u0103 reprezint\u0103 un test dificil pentru institu\u021biile noastre democratice. Doar prin dialog deschis, transparen\u021b\u0103 \u0219i respectarea statului de drept putem dep\u0103\u0219i acest moment \u0219i \u00eent\u0103ri \u00eencrederea cet\u0103\u021benilor \u00een viitorul Rom\u00e2niei.Rom\u00e2nia are nevoie de stabilitate, viziune \u0219i colaborare \u00eentre toate for\u021bele politice responsabile. \u00cen aceste momente de incertitudine, v\u0103 \u00eendemn s\u0103 r\u0103m\u00e2nem uni\u021bi \u0219i s\u0103 ac\u021bion\u0103m cu maturitate \u0219i respect reciproc. \u00cempreun\u0103, putem construi un viitor mai bun pentru genera\u021biile care vin.Cu \u00eencredere \u00een puterea noastr\u0103 de a trece peste orice obstacol\u201d, a scris Nicolae Ciuc\u0103 pe pagina sa de socializare.<a title=\"Avocatul Daniel Fenechiu, explicatii pe fondul haosului electoral: Ce se va intampla cu noul Parlament si cum va fi ales presedintele interimar\" href=\"https:\/\/www.realitatea.net\/stiri\/actual\/avocatul-daniel-fenechiu-explicatii-pe-fondul-haosului-electoral-ce-se-va-intampla-cu-noul-parlament-si-cum-va-fi-ales-presedintele-interimar_675308f6536b064a3b2d0992\">Avocatul Daniel Fenechiu, explica\u021bii pe fondul haosului electoral: Ce se va \u00eent\u00e2mpla cu noul Parlament \u0219i cum va fi ales pre\u0219edintele interimar<\/a>\u00a0<\/p>","protected":false},"excerpt":{"rendered":"<p>\u00a0\u00centr-o perioad\u0103 caracterizat\u0103 de incertitudine \u0219i tensiuni politice, Ciuc\u0103 subliniaz\u0103 importan\u021ba men\u021binerii calmului, unit\u0103\u021bii \u0219i&hellip;<\/p>\n","protected":false},"author":0,"featured_media":14094,"comment_status":"open","ping_status":"open","sticky":false,"template":"","format":"standard","meta":{"footnotes":""},"categories":[2],"tags":[],"class_list":["post-14109","post","type-post","status-publish","format-standard","has-post-thumbnail","hentry","category-actual"],"_links":{"self":[{"href":"https:\/\/247stiri.ro\/index.php\/wp-json\/wp\/v2\/posts\/14109","targetHints":{"allow":["GET"]}}],"collection":[{"href":"https:\/\/247stiri.ro\/index.php\/wp-json\/wp\/v2\/posts"}],"about":[{"href":"https:\/\/247stiri.ro\/index.php\/wp-json\/wp\/v2\/types\/post"}],"replies":[{"embeddable":true,"href":"https:\/\/247stiri.ro\/index.php\/wp-json\/wp\/v2\/comments?post=14109"}],"version-history":[{"count":0,"href":"https:\/\/247stiri.ro\/index.php\/wp-json\/wp\/v2\/posts\/14109\/revisions"}],"wp:featuredmedia":[{"embeddable":true,"href":"https:\/\/247stiri.ro\/index.php\/wp-json\/wp\/v2\/media\/14094"}],"wp:attachment":[{"href":"https:\/\/247stiri.ro\/index.php\/wp-json\/wp\/v2\/media?parent=14109"}],"wp:term":[{"taxonomy":"category","embeddable":true,"href":"https:\/\/247stiri.ro\/index.php\/wp-json\/wp\/v2\/categories?post=14109"},{"taxonomy":"post_tag","embeddable":true,"href":"https:\/\/247stiri.ro\/index.php\/wp-json\/wp\/v2\/tags?post=14109"}],"curies":[{"name":"wp","href":"https:\/\/api.w.org\/{rel}","templated":true}]}}