{"id":14110,"date":"2024-12-06T14:44:51","date_gmt":"2024-12-06T14:44:51","guid":{"rendered":"https:\/\/247stiri.ro\/index.php\/2024\/12\/06\/biroul-electoral-central-se-reuneste-intr-o-sedinta-dupa-ce-ccr-a-anulat-alegerile-prezidentiale\/"},"modified":"2024-12-06T14:44:51","modified_gmt":"2024-12-06T14:44:51","slug":"biroul-electoral-central-se-reuneste-intr-o-sedinta-dupa-ce-ccr-a-anulat-alegerile-prezidentiale","status":"publish","type":"post","link":"https:\/\/247stiri.ro\/index.php\/2024\/12\/06\/biroul-electoral-central-se-reuneste-intr-o-sedinta-dupa-ce-ccr-a-anulat-alegerile-prezidentiale\/","title":{"rendered":"Biroul Electoral Central se reune\u0219te \u00eentr-o \u0219edin\u021b\u0103 dup\u0103 ce CCR a anulat alegerile preziden\u021biale"},"content":{"rendered":"<p>Votul \u00een al doilea tur de scrutin al alegerilor preziden\u021biale a debutat vineri, la ora 12.00, ora Rom\u00e2niei, iar \u00een sec\u021biile din diaspora \u00eenc\u0103 se voteaz\u0103 \u00eenc\u0103, pentru c\u0103 se a\u0219teapt\u0103 o decizie oficial\u0103 a BEC, arat\u0103 g4media.<\/p>\n<p>CCR a deci s\u0103 anuleze \u00eentregul proces electoral pentru alegerea pre\u0219edintelui. Totul va fi luat de la cap\u0103t.<\/p>\n<p>\u201eCCR, \u00een vederea asigur\u0103rii corectitudinii \u0219i legalit\u0103\u021bii procesului electoral, \u0219i-a exercitat atribu\u021bia prev\u0103zut\u0103 de art.146, lit. f) din Constitu\u021bie \u0219i, cu unanimitate de voturi, a hot\u0103r\u00e2t urm\u0103toarele:<\/p>\n<p>1. Anuleaz\u0103 \u00eentregul proces electoral<\/p>\n<p>2. Procesul electoral pentru alegerea pre\u0219edintelui Rom\u00e2niei va fi reluat \u00een integralitate, guvernul urm\u00e2nd s\u0103 stabileasc\u0103 o nou\u0103 dat\u0103 pentru alegerea Pre\u0219edintelui Rom\u00e2niei, precum \u0219i un nou program calendaristic pentru realizarea ac\u021biunilor necesare.<\/p>\n<p>3. Prezenta hot\u0103r\u00e2re este definitiv\u0103 \u0219i general obligatorie\u201d.<\/p>\n<p>\u00a0<\/p>","protected":false},"excerpt":{"rendered":"<p>Votul \u00een al doilea tur de scrutin al alegerilor preziden\u021biale a debutat vineri, la ora&hellip;<\/p>\n","protected":false},"author":0,"featured_media":14111,"comment_status":"open","ping_status":"open","sticky":false,"template":"","format":"standard","meta":{"footnotes":""},"categories":[2],"tags":[],"class_list":["post-14110","post","type-post","status-publish","format-standard","has-post-thumbnail","hentry","category-actual"],"_links":{"self":[{"href":"https:\/\/247stiri.ro\/index.php\/wp-json\/wp\/v2\/posts\/14110","targetHints":{"allow":["GET"]}}],"collection":[{"href":"https:\/\/247stiri.ro\/index.php\/wp-json\/wp\/v2\/posts"}],"about":[{"href":"https:\/\/247stiri.ro\/index.php\/wp-json\/wp\/v2\/types\/post"}],"replies":[{"embeddable":true,"href":"https:\/\/247stiri.ro\/index.php\/wp-json\/wp\/v2\/comments?post=14110"}],"version-history":[{"count":0,"href":"https:\/\/247stiri.ro\/index.php\/wp-json\/wp\/v2\/posts\/14110\/revisions"}],"wp:featuredmedia":[{"embeddable":true,"href":"https:\/\/247stiri.ro\/index.php\/wp-json\/wp\/v2\/media\/14111"}],"wp:attachment":[{"href":"https:\/\/247stiri.ro\/index.php\/wp-json\/wp\/v2\/media?parent=14110"}],"wp:term":[{"taxonomy":"category","embeddable":true,"href":"https:\/\/247stiri.ro\/index.php\/wp-json\/wp\/v2\/categories?post=14110"},{"taxonomy":"post_tag","embeddable":true,"href":"https:\/\/247stiri.ro\/index.php\/wp-json\/wp\/v2\/tags?post=14110"}],"curies":[{"name":"wp","href":"https:\/\/api.w.org\/{rel}","templated":true}]}}