{"id":14113,"date":"2024-12-06T14:44:51","date_gmt":"2024-12-06T14:44:51","guid":{"rendered":"https:\/\/247stiri.ro\/index.php\/2024\/12\/06\/razie-a-politistilor-antidrog-doi-tineri-au-fost-retinuti-pentru-comercializarea-de-substante-psihoactive\/"},"modified":"2024-12-06T14:44:51","modified_gmt":"2024-12-06T14:44:51","slug":"razie-a-politistilor-antidrog-doi-tineri-au-fost-retinuti-pentru-comercializarea-de-substante-psihoactive","status":"publish","type":"post","link":"https:\/\/247stiri.ro\/index.php\/2024\/12\/06\/razie-a-politistilor-antidrog-doi-tineri-au-fost-retinuti-pentru-comercializarea-de-substante-psihoactive\/","title":{"rendered":"Razie a poli\u021bi\u0219tilor Antidrog. Doi tineri au fost re\u021binu\u021bi pentru comercializarea de substan\u021be psihoactive"},"content":{"rendered":"<p>Din cercet\u0103ri a reie\u0219it c\u0103, \u00eencep\u00e2nd cu luna decembrie 2024, doi tineri, de 19 \u0219i 22 de ani, ar fi procurat, de\u021binut, intermediat \u0219i comercializat peste 100 de grame de substan\u021b\u0103 psihoactiv\u0103 2MMC, pentru 4.000 de lei.<\/p>\n<p>\u00cen urma perchezi\u021biei au fost descoperite \u0219i ridicate aproximativ 50 de grame de substan\u021b\u0103, susceptibil\u0103 a fi 2MMC, ustensile folosite la por\u021bionarea \u0219i consumul de droguri, obiecte purt\u00e2nd urme de substan\u021b\u0103, precum \u0219i alte mijloace de prob\u0103.<\/p>\n<p>La data de 5 decembrie 2024, procurorii D.I.I.C.O.T. \u2013 Serviciul Teritorial Pite\u0219ti au dispus\u00a0re\u021binerea, pentru 24 de ore, a celor doi tineri, pe baz\u0103 de ordonan\u021b\u0103\u00a0.<\/p>\n<p>Ast\u0103zi, 6 decembrie, a fost sesizat judec\u0103torul de drepturi \u0219i libert\u0103\u021bi din cadrul Tribunalului Arge\u0219 cu propunerea de arestare preventiv\u0103 a acestora, pentru 30 de zile.<\/p>\n<p>Activit\u0103\u021bile au beneficiat de sprijinul jandarmilor din cadrul Brig\u0103zii Speciale de Interven\u021bie a Jandarmeriei.<\/p>\n<p>Facem precizarea c\u0103,\u00a0pe \u00eentreg parcursul procesului penal, persoanele cercetate beneficiaz\u0103 de drepturile \u0219i garan\u021biile procesuale prev\u0103zute de Codul de procedur\u0103 penal\u0103, precum \u0219i de prezum\u021bia de nevinov\u0103\u021bie.<\/p>","protected":false},"excerpt":{"rendered":"<p>Din cercet\u0103ri a reie\u0219it c\u0103, \u00eencep\u00e2nd cu luna decembrie 2024, doi tineri, de 19 \u0219i&hellip;<\/p>\n","protected":false},"author":0,"featured_media":14114,"comment_status":"open","ping_status":"open","sticky":false,"template":"","format":"standard","meta":{"footnotes":""},"categories":[2],"tags":[],"class_list":["post-14113","post","type-post","status-publish","format-standard","has-post-thumbnail","hentry","category-actual"],"_links":{"self":[{"href":"https:\/\/247stiri.ro\/index.php\/wp-json\/wp\/v2\/posts\/14113","targetHints":{"allow":["GET"]}}],"collection":[{"href":"https:\/\/247stiri.ro\/index.php\/wp-json\/wp\/v2\/posts"}],"about":[{"href":"https:\/\/247stiri.ro\/index.php\/wp-json\/wp\/v2\/types\/post"}],"replies":[{"embeddable":true,"href":"https:\/\/247stiri.ro\/index.php\/wp-json\/wp\/v2\/comments?post=14113"}],"version-history":[{"count":0,"href":"https:\/\/247stiri.ro\/index.php\/wp-json\/wp\/v2\/posts\/14113\/revisions"}],"wp:featuredmedia":[{"embeddable":true,"href":"https:\/\/247stiri.ro\/index.php\/wp-json\/wp\/v2\/media\/14114"}],"wp:attachment":[{"href":"https:\/\/247stiri.ro\/index.php\/wp-json\/wp\/v2\/media?parent=14113"}],"wp:term":[{"taxonomy":"category","embeddable":true,"href":"https:\/\/247stiri.ro\/index.php\/wp-json\/wp\/v2\/categories?post=14113"},{"taxonomy":"post_tag","embeddable":true,"href":"https:\/\/247stiri.ro\/index.php\/wp-json\/wp\/v2\/tags?post=14113"}],"curies":[{"name":"wp","href":"https:\/\/api.w.org\/{rel}","templated":true}]}}