{"id":14115,"date":"2024-12-06T14:44:51","date_gmt":"2024-12-06T14:44:51","guid":{"rendered":"https:\/\/247stiri.ro\/index.php\/2024\/12\/06\/duminica-nu-mai-este-zi-de-vot-un-fost-judecator-ccr-explica-ce-ne-asteapta-dupa-anularea-alegerilor\/"},"modified":"2024-12-06T14:44:51","modified_gmt":"2024-12-06T14:44:51","slug":"duminica-nu-mai-este-zi-de-vot-un-fost-judecator-ccr-explica-ce-ne-asteapta-dupa-anularea-alegerilor","status":"publish","type":"post","link":"https:\/\/247stiri.ro\/index.php\/2024\/12\/06\/duminica-nu-mai-este-zi-de-vot-un-fost-judecator-ccr-explica-ce-ne-asteapta-dupa-anularea-alegerilor\/","title":{"rendered":"Duminic\u0103 nu mai este zi de vot. Un fost judec\u0103tor CCR explic\u0103 ce ne a\u0219teapt\u0103 dup\u0103 anularea alegerilor"},"content":{"rendered":"<p>Executivul trebuie s\u0103 stabileasc\u0103 printr-o hot\u0103r\u00e2re de guvern \u201edatele, competitorii etc.\u201d, a spus L\u0103z\u0103roiu pentru un site de \u0219tiri.<\/p>\n<p>\u00centrebat ce se \u00eent\u00e2mpl\u0103 \u00een condi\u0163iile \u00een care mandatul actualului pre\u015fedinte al Rom\u00e2niei expir\u0103 \u00een aceast\u0103 lun\u0103, Petre L\u0103z\u0103roiu a r\u0103spuns:<\/p>\n<p>\u201eDac\u0103 alegerile parlamentare sunt validate, \u015fi deja am \u00een\u0163eles c\u0103 mandatele au fost validate, Parlamentul \u00ee\u015fi va alege structurile, respectiv pre\u015fedintele Senatului, pre\u015fedintele Camerei Deputa\u0163ilor, chestorii etc \u015fi atunci sigur c\u0103 se poate numi, a\u015fa cum scrie \u00een Constitu\u0163ie, un pre\u015fedinte interimar. Adic\u0103 pre\u015fedintele Senatului s\u0103 ia locul pre\u015fedintelui ie\u015fit din mandat\u201d, a explicat Petre L\u0103z\u0103roiu, pentru News.ro.<\/p>\n<p>CCR a decis \u00een unanimitate, vineri dup\u0103-amiaz\u0103, anularea \u00eentregului proces electoral pentru alegerea pre\u015fedintelui Rom\u00e2niei, urm\u00e2nd s\u0103 fie stabilite o nou\u0103 dat\u0103 \u015fi un nou calendar electoral pentru realizarea ac\u0163iunilor necesare. Articolul din Constitu\u0163ie invocat de judec\u0103torii Cur\u0163ii Constitu\u0163ionale prevede c\u0103 CCR vegheaz\u0103 la respectarea procedurii pentru alegerea Pre\u015fedintelui Rom\u00e2niei \u015fi confirm\u0103 rezultatele sufragiului.<\/p>","protected":false},"excerpt":{"rendered":"<p>Executivul trebuie s\u0103 stabileasc\u0103 printr-o hot\u0103r\u00e2re de guvern \u201edatele, competitorii etc.\u201d, a spus L\u0103z\u0103roiu pentru&hellip;<\/p>\n","protected":false},"author":0,"featured_media":14116,"comment_status":"open","ping_status":"open","sticky":false,"template":"","format":"standard","meta":{"footnotes":""},"categories":[2],"tags":[],"class_list":["post-14115","post","type-post","status-publish","format-standard","has-post-thumbnail","hentry","category-actual"],"_links":{"self":[{"href":"https:\/\/247stiri.ro\/index.php\/wp-json\/wp\/v2\/posts\/14115","targetHints":{"allow":["GET"]}}],"collection":[{"href":"https:\/\/247stiri.ro\/index.php\/wp-json\/wp\/v2\/posts"}],"about":[{"href":"https:\/\/247stiri.ro\/index.php\/wp-json\/wp\/v2\/types\/post"}],"replies":[{"embeddable":true,"href":"https:\/\/247stiri.ro\/index.php\/wp-json\/wp\/v2\/comments?post=14115"}],"version-history":[{"count":0,"href":"https:\/\/247stiri.ro\/index.php\/wp-json\/wp\/v2\/posts\/14115\/revisions"}],"wp:featuredmedia":[{"embeddable":true,"href":"https:\/\/247stiri.ro\/index.php\/wp-json\/wp\/v2\/media\/14116"}],"wp:attachment":[{"href":"https:\/\/247stiri.ro\/index.php\/wp-json\/wp\/v2\/media?parent=14115"}],"wp:term":[{"taxonomy":"category","embeddable":true,"href":"https:\/\/247stiri.ro\/index.php\/wp-json\/wp\/v2\/categories?post=14115"},{"taxonomy":"post_tag","embeddable":true,"href":"https:\/\/247stiri.ro\/index.php\/wp-json\/wp\/v2\/tags?post=14115"}],"curies":[{"name":"wp","href":"https:\/\/api.w.org\/{rel}","templated":true}]}}