{"id":14117,"date":"2024-12-06T14:44:52","date_gmt":"2024-12-06T14:44:52","guid":{"rendered":"https:\/\/247stiri.ro\/index.php\/2024\/12\/06\/avocatul-daniel-fenechiu-explicatii-pe-fondul-haosului-electoral-ce-se-va-intampla-cu-noul-parlament-si-cum-va-fi-ales-presedintele-interimar\/"},"modified":"2024-12-06T14:44:52","modified_gmt":"2024-12-06T14:44:52","slug":"avocatul-daniel-fenechiu-explicatii-pe-fondul-haosului-electoral-ce-se-va-intampla-cu-noul-parlament-si-cum-va-fi-ales-presedintele-interimar","status":"publish","type":"post","link":"https:\/\/247stiri.ro\/index.php\/2024\/12\/06\/avocatul-daniel-fenechiu-explicatii-pe-fondul-haosului-electoral-ce-se-va-intampla-cu-noul-parlament-si-cum-va-fi-ales-presedintele-interimar\/","title":{"rendered":"Avocatul Daniel Fenechiu, explica\u021bii pe fondul haosului electoral: Ce se va \u00eent\u00e2mpla cu noul Parlament \u0219i cum va fi ales pre\u0219edintele interimar"},"content":{"rendered":"<p>\u00a0Discu\u021biile s-au concentrat pe detaliile organiz\u0103rii viitoarelor alegeri, inclusiv pe rolul guvernului \u00een stabilirea datelor \u0219i procedurilor, dar \u0219i pe modul \u00een care va fi asigurat\u0103 continuitatea guvern\u0103rii \u00een perioada de tranzi\u021bie:<\/p>\n<p>Daniel Fenechiu: Eu cred ca in momentul asta trebuie sa analizam foarte bine ce s-a intamplat, e cel mai important lucru, sa fim convinsi ca decizia Curtii este o decizie corecta si pe lege, si da, fara indoiala, sa ne pregatim de un nou proces electoral pentru ca in articolul 2 al comunicatului care reia dispozitivul hotararii Curtii, asta spune CCR, spune ca guvernul trebuie sa stabileasca un nou calendar electoral. Asta inseamna ca guvernul va da o noua hotarare de guvern, cu data alegerilor si un nou calendar electoral.<\/p>\n<p>Realitatea Plus: Calendar electoral inseamna asa: ikn integralitate strangere de semnaturi, validare campanie electorala primul tur?<\/p>\n<p>Daniel Fenechiu: Asta trebuie sa ne spuna Curtea. In momentul in care vorbesti de ccalendar electoral, acesta contine tot: De la data hotararii\u00a0 de guvern care stabileste data alegerilor pana la data desfasurarii turului II al alegerilor, toate activitatile. Deci strangere de semnaturi, depunere de candidaturi, validare de candidaturi, etc<\/p>\n<p>Realitatea Plus: Credeti ca ar putea sa aiba loc pana la finalul acestui an, sa mergem de Craciun, sau la anul?<\/p>\n<p>Daniel Fenechiu: Este exclus, pentru ca asa cum stiti sunt necesare 90 de zile. Alegerile se anunta cu 90 de zile inainte. Deci din punctul asta de vedere nu cred ca putem avea alegeri mai repede de luna martie. Daca actualul guvern isi asuma hotararea de guvern si o da saptamana viitoare, atunci calculati 90 de zile si ajungem in luna martie.<\/p>\n<p>Realitatea Plus: Pana in luna martie ce se intampla cu noul Parlament?<\/p>\n<p>Daniel Fenechiu: Parlamentul nou se intruneste pe 20 sau 21. Isi alege organele de conducere iar pe data de 21 expira mandatul Presedintelui Iohannis. Potrivit textului constitutional, presedintele ales al senatului preia interimar functia si conduce Romania din functia de presedinte interimar pana la alegerea noului presedinte.<\/p>\n<p>Practic, ca sa va dau o stire, prima hotarare a Senatului va fi alegerea noului\u00a0 presedinte interimar<\/p>\n<p>Realitatea Plus: Dar cum se stabileste majoritatea in Parlament in conditiile date? Dupa ce criterii?<\/p>\n<p>Daniel Fenechiu: In momentul de fata exista o intelegere a fortelor pro-europene care au agreat o cale de mers comuna. Aceasta intelegere ramane in vigoare, ponderile sunt stabilite, regulile jocului democratic intelegerii\u00a0 dintre partide, partidele vor stabili cine preia guvernarea, care preia presedintia Senatului si care preia presedintia Camerei. Si din punctul asta de vedere, partidele, odata intelese, are loc aceasta procedura pe data de 21. Atunci se vor intampla mai multe lucruri: Se alege presedintele Senatului si al Camerei, presedintele Senatului urmand sa fie si presedintele interimar al Romaniei,\u00a0 care odata ales, incepe discutiile cu partidele in vederea alegerii primului ministru. Odata acesta ales, toate bune si frumoase.<\/p>\n<p><a title=\"Klaus Iohannis, prima iesire PUBLICA dupa ce Curtea Constitutionala a anulat alegerile - reactia presedintelui \" href=\"https:\/\/www.realitatea.net\/stiri\/politica\/klaus-iohannis-prima-iesire-publica-dupa-ce-curtea-constitutionala-a-anulat-alegerile-reactia-presedintelui_6753076e9cac823414606d12\">Klaus Iohannis, prima ie\u0219ire PUBLIC\u0102 dup\u0103 ce Curtea Constitu\u021bional\u0103 a anulat alegerile &#8211; reac\u021bia pre\u0219edintelui<\/a><\/p>","protected":false},"excerpt":{"rendered":"<p>\u00a0Discu\u021biile s-au concentrat pe detaliile organiz\u0103rii viitoarelor alegeri, inclusiv pe rolul guvernului \u00een stabilirea datelor&hellip;<\/p>\n","protected":false},"author":0,"featured_media":14096,"comment_status":"open","ping_status":"open","sticky":false,"template":"","format":"standard","meta":{"footnotes":""},"categories":[2],"tags":[],"class_list":["post-14117","post","type-post","status-publish","format-standard","has-post-thumbnail","hentry","category-actual"],"_links":{"self":[{"href":"https:\/\/247stiri.ro\/index.php\/wp-json\/wp\/v2\/posts\/14117","targetHints":{"allow":["GET"]}}],"collection":[{"href":"https:\/\/247stiri.ro\/index.php\/wp-json\/wp\/v2\/posts"}],"about":[{"href":"https:\/\/247stiri.ro\/index.php\/wp-json\/wp\/v2\/types\/post"}],"replies":[{"embeddable":true,"href":"https:\/\/247stiri.ro\/index.php\/wp-json\/wp\/v2\/comments?post=14117"}],"version-history":[{"count":0,"href":"https:\/\/247stiri.ro\/index.php\/wp-json\/wp\/v2\/posts\/14117\/revisions"}],"wp:featuredmedia":[{"embeddable":true,"href":"https:\/\/247stiri.ro\/index.php\/wp-json\/wp\/v2\/media\/14096"}],"wp:attachment":[{"href":"https:\/\/247stiri.ro\/index.php\/wp-json\/wp\/v2\/media?parent=14117"}],"wp:term":[{"taxonomy":"category","embeddable":true,"href":"https:\/\/247stiri.ro\/index.php\/wp-json\/wp\/v2\/categories?post=14117"},{"taxonomy":"post_tag","embeddable":true,"href":"https:\/\/247stiri.ro\/index.php\/wp-json\/wp\/v2\/tags?post=14117"}],"curies":[{"name":"wp","href":"https:\/\/api.w.org\/{rel}","templated":true}]}}