{"id":14176,"date":"2024-12-06T16:45:13","date_gmt":"2024-12-06T16:45:13","guid":{"rendered":"https:\/\/247stiri.ro\/index.php\/2024\/12\/06\/toni-grebla-a-facut-anuntul-oficial-inceteaza-de-indata-operatiunile-de-votare-si-cele-de-pregatire-a-votarii-pentru-prezidentiale\/"},"modified":"2024-12-06T16:45:13","modified_gmt":"2024-12-06T16:45:13","slug":"toni-grebla-a-facut-anuntul-oficial-inceteaza-de-indata-operatiunile-de-votare-si-cele-de-pregatire-a-votarii-pentru-prezidentiale","status":"publish","type":"post","link":"https:\/\/247stiri.ro\/index.php\/2024\/12\/06\/toni-grebla-a-facut-anuntul-oficial-inceteaza-de-indata-operatiunile-de-votare-si-cele-de-pregatire-a-votarii-pentru-prezidentiale\/","title":{"rendered":"Toni Grebl\u0103 a f\u0103cut anun\u021bul oficial: \u00cenceteaz\u0103 de \u00eendat\u0103 opera\u0163iunile de votare \u015fi cele de preg\u0103tire a vot\u0103rii pentru preziden\u021biale"},"content":{"rendered":"<p>\u201eAv\u00e2nd \u00een vedere comunicatul de pres\u0103 emis de Curtea Constitu\u0163ional\u0103 a Rom\u00e2niei \u00een data de 6 decembrie 2024 privind anularea \u00eentregului proces electoral cu privire la alegerea Pre\u015fedintelui Rom\u00e2niei din anul 2024, Biroul Electoral Central pentru alegerea Pre\u015fedintelui Rom\u00e2niei din anul 2024 (BEC) a adoptat, \u00een \u015fedin\u0163a din data de 6 decembrie a.c., Decizia privind unele m\u0103suri pentru punerea \u00een aplicare a solu\u0163iei pronun\u0163ate de Plenul Cur\u0163ii Constitu\u0163ionale a Rom\u00e2niei \u00een \u015fedin\u0163a din data de 6 decembrie 2024\u201d, a anun\u0163at BEC, vineri sear\u0103.<\/p>\n<p>\u201eS-a stabilit o procedur\u0103 de predare a materialelor. \u00cen \u021bar\u0103 au fost sistate opera\u021biunile de predare-primire a materialelor. Decizia CCR este foarte clar\u0103. \u00centreg procesul a fost anulat. Aceast\u0103 decizie intr\u0103 \u00een vigoare la data aducerii \u00een cuno\u0219tin\u021b\u0103 public\u0103. BEC s-a \u00eentrunit \u0219i a luat decizia \u00eentreruperii procesului de vot \u00een Diaspora\u201d, a spus Toni Grebl\u0103 dup\u0103 \u0219edin\u021ba BEC.<\/p>","protected":false},"excerpt":{"rendered":"<p>\u201eAv\u00e2nd \u00een vedere comunicatul de pres\u0103 emis de Curtea Constitu\u0163ional\u0103 a Rom\u00e2niei \u00een data de&hellip;<\/p>\n","protected":false},"author":0,"featured_media":14177,"comment_status":"open","ping_status":"open","sticky":false,"template":"","format":"standard","meta":{"footnotes":""},"categories":[2],"tags":[],"class_list":["post-14176","post","type-post","status-publish","format-standard","has-post-thumbnail","hentry","category-actual"],"_links":{"self":[{"href":"https:\/\/247stiri.ro\/index.php\/wp-json\/wp\/v2\/posts\/14176","targetHints":{"allow":["GET"]}}],"collection":[{"href":"https:\/\/247stiri.ro\/index.php\/wp-json\/wp\/v2\/posts"}],"about":[{"href":"https:\/\/247stiri.ro\/index.php\/wp-json\/wp\/v2\/types\/post"}],"replies":[{"embeddable":true,"href":"https:\/\/247stiri.ro\/index.php\/wp-json\/wp\/v2\/comments?post=14176"}],"version-history":[{"count":0,"href":"https:\/\/247stiri.ro\/index.php\/wp-json\/wp\/v2\/posts\/14176\/revisions"}],"wp:featuredmedia":[{"embeddable":true,"href":"https:\/\/247stiri.ro\/index.php\/wp-json\/wp\/v2\/media\/14177"}],"wp:attachment":[{"href":"https:\/\/247stiri.ro\/index.php\/wp-json\/wp\/v2\/media?parent=14176"}],"wp:term":[{"taxonomy":"category","embeddable":true,"href":"https:\/\/247stiri.ro\/index.php\/wp-json\/wp\/v2\/categories?post=14176"},{"taxonomy":"post_tag","embeddable":true,"href":"https:\/\/247stiri.ro\/index.php\/wp-json\/wp\/v2\/tags?post=14176"}],"curies":[{"name":"wp","href":"https:\/\/api.w.org\/{rel}","templated":true}]}}