{"id":14304,"date":"2024-12-07T06:45:28","date_gmt":"2024-12-07T06:45:28","guid":{"rendered":"https:\/\/247stiri.ro\/index.php\/2024\/12\/07\/perchezitii-de-amploare-dupa-decizia-ccr-de-anulare-a-alegerilor-cine-ar-fi-finantat-campania-lui-georgescu-din-online\/"},"modified":"2024-12-07T06:45:28","modified_gmt":"2024-12-07T06:45:28","slug":"perchezitii-de-amploare-dupa-decizia-ccr-de-anulare-a-alegerilor-cine-ar-fi-finantat-campania-lui-georgescu-din-online","status":"publish","type":"post","link":"https:\/\/247stiri.ro\/index.php\/2024\/12\/07\/perchezitii-de-amploare-dupa-decizia-ccr-de-anulare-a-alegerilor-cine-ar-fi-finantat-campania-lui-georgescu-din-online\/","title":{"rendered":"Perchezi\u021bii de amploare dup\u0103 decizia CCR de anulare a alegerilor. Cine ar fi finan\u021bat campania lui Georgescu din online"},"content":{"rendered":"<p>\u015ease perchezi\u0163ii au loc s\u00e2mb\u0103t\u0103 diminea\u0163\u0103, \u00een municipiul Bucure\u015fti \u015fi \u00een jude\u0163ul Ilfov, \u00een dosare care vizeaz\u0103 infrac\u0163iuni de promovarea ideologiei fasciste, rasiste ori xenofobe, incitarea la ur\u0103 sau discriminare, nerespectarea regimului armelor \u015fi muni\u0163iilor. \u015ease persoane urmeaz\u0103 s\u0103 fie duse la audieri.<\/p>\n<p>\u201d\u00cen aceast\u0103 diminea\u0163\u0103, 7 decembrie 2024, sub coordonarea Parchetului de pe l\u00e2ng\u0103 \u00cenalta Curte de Casa\u0163ie \u015fi Justi\u0163ie \u015fi Inspectoratului General al Poli\u0163iei Rom\u00e2ne, Poli\u0163ia Capitalei efectueaz\u0103 6 perchezi\u0163ii domiciliare, \u00een cadrul a \u015fase dosare penale, care vizeaz\u0103 s\u0103v\u00e2r\u015firea infrac\u0163iunilor de promovarea ideologiei fasciste, rasiste ori xenofobe, prin propagand\u0103, s\u0103v\u00e2r\u015fit\u0103 prin orice mijloace, \u00een public, incitarea la ur\u0103 sau discriminare, nerespectarea regimului armelor \u015fi muni\u0163iilor \u00cen fapt, autorii faptelor men\u0163ionate au postat \u00een mediul online, pe diferite platforme de socializare, mesaje cu un con\u0163inut intimidant \u015fi amenin\u0163\u0103tor, sau simboluri\/\u00eensemne fasciste, rasiste ori xenofobe, de natur\u0103 a incita la ur\u0103\u201d, anun\u0163\u0103 s\u00e2mb\u0103t\u0103\u0103 Poli\u0163ia Capitalei.\u00a0Activit\u0103\u0163ile, care se deruleaz\u0103 \u00een municipiul Bucure\u015fti \u015fi \u00een jude\u0163ul Ilfov, au drept scop identificarea bunurilor cu valoare probatorie \u00een cauzele penale.\u00a0De asemenea, dup\u0103 efectuarea perchezi\u0163iilor, poli\u0163i\u015ftii din Capital\u0103 vor pune \u00een aplicare 6 mandate de aducere.\u00a0Persoanele vizate vor fi duse at\u00e2t la Parchetul General, c\u00e2t \u015fi la sediul Serviciului de Investiga\u0163ii Criminale \u015fi la sediul Serviciului Grupuri Infrac\u0163ionale Violente.\u00a0Dup\u0103 audieri \u015fi dup\u0103 administrarea probatoriului, vor fi dispuse m\u0103surile legale care se impun.<\/p>","protected":false},"excerpt":{"rendered":"<p>\u015ease perchezi\u0163ii au loc s\u00e2mb\u0103t\u0103 diminea\u0163\u0103, \u00een municipiul Bucure\u015fti \u015fi \u00een jude\u0163ul Ilfov, \u00een dosare&hellip;<\/p>\n","protected":false},"author":0,"featured_media":14305,"comment_status":"open","ping_status":"open","sticky":false,"template":"","format":"standard","meta":{"footnotes":""},"categories":[2],"tags":[],"class_list":["post-14304","post","type-post","status-publish","format-standard","has-post-thumbnail","hentry","category-actual"],"_links":{"self":[{"href":"https:\/\/247stiri.ro\/index.php\/wp-json\/wp\/v2\/posts\/14304","targetHints":{"allow":["GET"]}}],"collection":[{"href":"https:\/\/247stiri.ro\/index.php\/wp-json\/wp\/v2\/posts"}],"about":[{"href":"https:\/\/247stiri.ro\/index.php\/wp-json\/wp\/v2\/types\/post"}],"replies":[{"embeddable":true,"href":"https:\/\/247stiri.ro\/index.php\/wp-json\/wp\/v2\/comments?post=14304"}],"version-history":[{"count":0,"href":"https:\/\/247stiri.ro\/index.php\/wp-json\/wp\/v2\/posts\/14304\/revisions"}],"wp:featuredmedia":[{"embeddable":true,"href":"https:\/\/247stiri.ro\/index.php\/wp-json\/wp\/v2\/media\/14305"}],"wp:attachment":[{"href":"https:\/\/247stiri.ro\/index.php\/wp-json\/wp\/v2\/media?parent=14304"}],"wp:term":[{"taxonomy":"category","embeddable":true,"href":"https:\/\/247stiri.ro\/index.php\/wp-json\/wp\/v2\/categories?post=14304"},{"taxonomy":"post_tag","embeddable":true,"href":"https:\/\/247stiri.ro\/index.php\/wp-json\/wp\/v2\/tags?post=14304"}],"curies":[{"name":"wp","href":"https:\/\/api.w.org\/{rel}","templated":true}]}}