{"id":14310,"date":"2024-12-07T06:45:29","date_gmt":"2024-12-07T06:45:29","guid":{"rendered":"https:\/\/247stiri.ro\/index.php\/2024\/12\/07\/presedintele-sud-coreean-yoon-suk-yeol-a-cerut-scuze-poporului-pentru-impunerea-legii-martiale-dar-nu-a-demisionat-ce-asteapta-liderul-de-la-casa-albastra\/"},"modified":"2024-12-07T06:45:29","modified_gmt":"2024-12-07T06:45:29","slug":"presedintele-sud-coreean-yoon-suk-yeol-a-cerut-scuze-poporului-pentru-impunerea-legii-martiale-dar-nu-a-demisionat-ce-asteapta-liderul-de-la-casa-albastra","status":"publish","type":"post","link":"https:\/\/247stiri.ro\/index.php\/2024\/12\/07\/presedintele-sud-coreean-yoon-suk-yeol-a-cerut-scuze-poporului-pentru-impunerea-legii-martiale-dar-nu-a-demisionat-ce-asteapta-liderul-de-la-casa-albastra\/","title":{"rendered":"Pre\u015fedintele sud-coreean Yoon Suk Yeol a cerut scuze poporului pentru impunerea LEGII MAR\u021aIALE, dar nu a demisionat. Ce a\u0219teapt\u0103 liderul de la Casa Albastr\u0103"},"content":{"rendered":"<p>Yoon Suk Yeol a declarat c\u0103 nu va \u00eencerca s\u0103 evite responsabilitatea juridic\u0103 \u015fi politic\u0103 pentru decizia sa de a declara legea mar\u0163ial\u0103 \u00een Coreea de Sud pentru prima oar\u0103 din 1980. El a spus c\u0103 decizia s-a n\u0103scut din disperare.<\/p>\n<p>Discursul a fost prima apari\u0163ie public\u0103 a liderului \u00een dificultate de c\u00e2nd a anulat decretul de lege mar\u0163ial\u0103, miercuri diminea\u0163\u0103, la doar \u015fase ore dup\u0103 ce acesta fusese emis \u015fi dup\u0103 ce parlamentarii au sfidat cordonul militar \u015fi de poli\u0163ie pentru a vota \u00eempotriva decretului.<\/p>\n<p>\u201e\u00cemi pare foarte r\u0103u \u015fi a\u015f dori s\u0103 \u00eemi cer scuze sincer fa\u0163\u0103 de oamenii care au fost \u015foca\u0163i\u201d, a declarat Yoon \u00eentr-o adresare televizat\u0103 c\u0103tre na\u0163iune, \u00een timpul c\u0103reia s-a \u00eenclinat.<\/p>\n<p>\u201eLas la latitudinea partidului meu s\u0103 ia m\u0103suri pentru a stabiliza situa\u0163ia politic\u0103 \u00een viitor, inclusiv problema mandatului meu\u201d, a spus el.<\/p>\n<p>Han Dong-hoon, liderul Partidului Puterii Poporului (PPP) al lui Yoon, a declarat dup\u0103 discurs c\u0103 pre\u015fedintele nu mai este \u00een m\u0103sur\u0103 s\u0103-\u015fi \u00eendeplineasc\u0103 datoria public\u0103, iar demiterea sa este acum inevitabil\u0103.<\/p>\n<p>Conform Constitu\u0163iei, dac\u0103 Yoon demisioneaz\u0103 sau este pus sub acuzare, atunci prim-ministrul, care a fost numit de Yoon, devine pre\u015fedintele interimar al Coreei de Sud.<\/p>\n<p>Parlamentarii vor vota \u00een cursul zilei de s\u00e2mb\u0103t\u0103 asupra mo\u0163iunii Partidului Democrat, principala forma\u0163iune de opozi\u0163ie, de punere sub acuzare a lui Yoon.<\/p>\n<p>Yoon a \u015focat na\u0163iunea la sf\u00e2r\u015fitul zilei de mar\u0163i, c\u00e2nd a acordat armatei puteri de urgen\u0163\u0103 extinse pentru a eradica ceea ce el a numit \u201efor\u0163e anti-statale\u201d \u015fi pentru a-i bloca pe adversarii politici.<\/p>\n<p>Unii membri ai PPP l-au \u00eendemnat pe Yoon s\u0103 demisioneze \u00eenainte de vot, afirm\u00e2nd c\u0103 nu doresc repetarea procedurii de punere sub acuzare din 2016 a pre\u015fedintelui de atunci, Park Geun-hye, care a p\u0103r\u0103sit func\u0163ia dup\u0103 luni de proteste din cauza unui scandal de trafic de influen\u0163\u0103. C\u0103derea sa a declan\u015fat implozia partidului \u015fi victoria liberalilor \u00een alegerile preziden\u0163iale \u015fi generale.<\/p>\n<p>\u00cen scene care aminteau de acele proteste, mii de demonstran\u0163i cu lum\u00e2n\u0103ri \u00een m\u00e2n\u0103 s-au adunat \u00een fa\u0163a parlamentului vineri seara, cer\u00e2nd destituirea lui Yoon. Mai multe demonstra\u0163ii sunt a\u015fteptate s\u00e2mb\u0103t\u0103, \u00eenainte de vot.<\/p>\n\n<p>Pre\u015fedintele sud-coreean Yoon Suk Yeol a cerut scuzepoporului pentru impunerea legii mar\u021biale, dar nu a demisionat\/ Profimedia<\/p>\n<p>Procurorii, poli\u0163ia \u015fi Oficiul de Investigare a Corup\u0163iei pentru \u00cenal\u0163i Func\u0163ionari au lansat anchete \u00eempotriva lui Yoon \u015fi a \u00eenal\u0163ilor func\u0163ionari implica\u0163i \u00een decretul de lege mar\u0163ial\u0103, pentru eventuale acuza\u0163ii de insurec\u0163ie \u015fi abuz de putere, printre altele.<\/p>\n<p>Func\u0163ionarii se confrunt\u0103 cu poten\u0163iale acuza\u0163ii de insurec\u0163ie, abuz de putere \u015fi obstruc\u0163ionarea altor persoane de a-\u015fi exercita drepturile.<\/p>\n<p>\u00cen caz de condamnare, infrac\u0163iunea de conducere a unei insurec\u0163ii se pedepse\u015fte cu moartea sau cu \u00eenchisoare pe via\u0163\u0103, cu sau f\u0103r\u0103 munc\u0103 silnic\u0103.<\/p>","protected":false},"excerpt":{"rendered":"<p>Yoon Suk Yeol a declarat c\u0103 nu va \u00eencerca s\u0103 evite responsabilitatea juridic\u0103 \u015fi politic\u0103&hellip;<\/p>\n","protected":false},"author":0,"featured_media":14293,"comment_status":"open","ping_status":"open","sticky":false,"template":"","format":"standard","meta":{"footnotes":""},"categories":[2],"tags":[],"class_list":["post-14310","post","type-post","status-publish","format-standard","has-post-thumbnail","hentry","category-actual"],"_links":{"self":[{"href":"https:\/\/247stiri.ro\/index.php\/wp-json\/wp\/v2\/posts\/14310","targetHints":{"allow":["GET"]}}],"collection":[{"href":"https:\/\/247stiri.ro\/index.php\/wp-json\/wp\/v2\/posts"}],"about":[{"href":"https:\/\/247stiri.ro\/index.php\/wp-json\/wp\/v2\/types\/post"}],"replies":[{"embeddable":true,"href":"https:\/\/247stiri.ro\/index.php\/wp-json\/wp\/v2\/comments?post=14310"}],"version-history":[{"count":0,"href":"https:\/\/247stiri.ro\/index.php\/wp-json\/wp\/v2\/posts\/14310\/revisions"}],"wp:featuredmedia":[{"embeddable":true,"href":"https:\/\/247stiri.ro\/index.php\/wp-json\/wp\/v2\/media\/14293"}],"wp:attachment":[{"href":"https:\/\/247stiri.ro\/index.php\/wp-json\/wp\/v2\/media?parent=14310"}],"wp:term":[{"taxonomy":"category","embeddable":true,"href":"https:\/\/247stiri.ro\/index.php\/wp-json\/wp\/v2\/categories?post=14310"},{"taxonomy":"post_tag","embeddable":true,"href":"https:\/\/247stiri.ro\/index.php\/wp-json\/wp\/v2\/tags?post=14310"}],"curies":[{"name":"wp","href":"https:\/\/api.w.org\/{rel}","templated":true}]}}