{"id":14317,"date":"2024-12-07T07:45:03","date_gmt":"2024-12-07T07:45:03","guid":{"rendered":"https:\/\/247stiri.ro\/index.php\/2024\/12\/07\/nu-mai-vor-ceas-si-ore-insula-ai-carei-locuitori-cer-eliminiarea-notiunii-de-timp\/"},"modified":"2024-12-07T07:45:03","modified_gmt":"2024-12-07T07:45:03","slug":"nu-mai-vor-ceas-si-ore-insula-ai-carei-locuitori-cer-eliminiarea-notiunii-de-timp","status":"publish","type":"post","link":"https:\/\/247stiri.ro\/index.php\/2024\/12\/07\/nu-mai-vor-ceas-si-ore-insula-ai-carei-locuitori-cer-eliminiarea-notiunii-de-timp\/","title":{"rendered":"Nu mai vor CEAS \u0219i ORE. Insula ai c\u0103rei locuitori cer eliminiarea no\u021biunii de timp"},"content":{"rendered":"<p class=\" uk-text-bold uk-text-lead\">\u00cen 2019, locuitorii insulei Sommar\u00f8y au depus o peti\u021bie, \u00een speran\u021ba c\u0103 vor putea pur \u0219i simplu s\u0103 renun\u021be \u00een zon\u0103 la timp, a\u0219a cum \u00eel \u0219tim. Deoarece insula se afl\u0103 at\u00e2t de aproape de Cercul Polar Arctic, este aproape \u00een permanen\u021b\u0103 zi \u00een timpul verii \u0219i noapte iarna.<\/p>\n<p class=\" uk-text-bold uk-text-lead\">Peti\u021bia explic\u0103 faptul c\u0103 nu are sens s\u0103 se \u00eempart\u0103 ziua \u00een 24 de ore atunci c\u00e2nd exist\u0103 luminozitate la orice or\u0103 \u0219i chiar soare noaptea.<\/p>\n<p class=\" uk-text-bold uk-text-lead\">&#8222;Dac\u0103 vrei s\u0103-\u021bi vopse\u0219ti casa la dou\u0103 diminea\u021ba, e \u00een regul\u0103. Dac\u0103 vrei s\u0103 faci o baie la patru diminea\u021ba, o po\u021bi face oric\u00e2nd. Aici, nu este ciudat ca oamenii s\u0103 stea \u00een fa\u021ba casei \u00een miez de noapte, s\u0103 bea cafea \u0219i s\u0103 discute. La urma urmei, dac\u0103 este var\u0103 \u0219i soarele r\u0103sare o dat\u0103, toat\u0103 lumea \u0219tie c\u0103 va r\u0103m\u00e2ne sus pentru o vreme\u201d,\u00a0\u00eel citeaz\u0103\u00a0<a href=\"https:\/\/www.good.is\/norwegian-island-campaigns-to-discard-the-concept-of-time-and-live-in-a-time-free-zone\">site-ul Good<\/a> pe b\u0103rbatul care a avut ideea elimin\u0103rii sincroizarea cu fusul orar din lumea &#8222;normal\u0103&#8221;, potrivit Drive Magazin.<\/p>\n<p class=\" uk-text-bold uk-text-lead\">Autorit\u0103\u021bile locale par s\u0103 fie mai pu\u021bin \u00eenc\u00e2ntate de idee, pentru c\u0103 lipsa unui sistem, chiar formal, de m\u0103surare a timpului, ar \u00eensemna o perturbare major\u0103 a modului \u00een care sunt deschise magazinele, se desf\u0103\u0219oar\u0103 orele de \u0219coal\u0103 \u0219i sunt organizate orarele de transport.\u00a0<\/p>\n<p class=\" uk-text-bold uk-text-lead\">Acest fenomen este posibil pentru c\u0103 Soarele r\u0103sare \u0219i apune o singur\u0103 dat\u0103 pe an \u00een Arctica \u0219i Antarctica, iar \u00een aceste zone oamenii tr\u0103iesc fie \u00een lumin\u0103 constant\u0103, fie \u00een \u00eentuneric permanent.<\/p>\n<p class=\" uk-text-bold uk-text-lead\">\u00a0<\/p>","protected":false},"excerpt":{"rendered":"<p>\u00cen 2019, locuitorii insulei Sommar\u00f8y au depus o peti\u021bie, \u00een speran\u021ba c\u0103 vor putea pur&hellip;<\/p>\n","protected":false},"author":0,"featured_media":14318,"comment_status":"open","ping_status":"open","sticky":false,"template":"","format":"standard","meta":{"footnotes":""},"categories":[8],"tags":[],"class_list":["post-14317","post","type-post","status-publish","format-standard","has-post-thumbnail","hentry","category-lifestyle"],"_links":{"self":[{"href":"https:\/\/247stiri.ro\/index.php\/wp-json\/wp\/v2\/posts\/14317","targetHints":{"allow":["GET"]}}],"collection":[{"href":"https:\/\/247stiri.ro\/index.php\/wp-json\/wp\/v2\/posts"}],"about":[{"href":"https:\/\/247stiri.ro\/index.php\/wp-json\/wp\/v2\/types\/post"}],"replies":[{"embeddable":true,"href":"https:\/\/247stiri.ro\/index.php\/wp-json\/wp\/v2\/comments?post=14317"}],"version-history":[{"count":0,"href":"https:\/\/247stiri.ro\/index.php\/wp-json\/wp\/v2\/posts\/14317\/revisions"}],"wp:featuredmedia":[{"embeddable":true,"href":"https:\/\/247stiri.ro\/index.php\/wp-json\/wp\/v2\/media\/14318"}],"wp:attachment":[{"href":"https:\/\/247stiri.ro\/index.php\/wp-json\/wp\/v2\/media?parent=14317"}],"wp:term":[{"taxonomy":"category","embeddable":true,"href":"https:\/\/247stiri.ro\/index.php\/wp-json\/wp\/v2\/categories?post=14317"},{"taxonomy":"post_tag","embeddable":true,"href":"https:\/\/247stiri.ro\/index.php\/wp-json\/wp\/v2\/tags?post=14317"}],"curies":[{"name":"wp","href":"https:\/\/api.w.org\/{rel}","templated":true}]}}