{"id":14341,"date":"2024-12-07T07:45:07","date_gmt":"2024-12-07T07:45:07","guid":{"rendered":"https:\/\/247stiri.ro\/index.php\/2024\/12\/07\/cati-militari-americani-au-trimis-statele-unite-in-europa-pentru-a-descuraja-agresiunea-rusa-biden-a-facut-anuntul\/"},"modified":"2024-12-07T07:45:07","modified_gmt":"2024-12-07T07:45:07","slug":"cati-militari-americani-au-trimis-statele-unite-in-europa-pentru-a-descuraja-agresiunea-rusa-biden-a-facut-anuntul","status":"publish","type":"post","link":"https:\/\/247stiri.ro\/index.php\/2024\/12\/07\/cati-militari-americani-au-trimis-statele-unite-in-europa-pentru-a-descuraja-agresiunea-rusa-biden-a-facut-anuntul\/","title":{"rendered":"C\u00e2\u021bi militari americani au trimis Statele Unite \u00een Europa pentru a descuraja agresiunea rus\u0103? Biden a f\u0103cut anun\u021bul"},"content":{"rendered":"<p>Raportul a fost trimis de Joe Biden \u00een cadrul unei scrisori, dup\u0103 o lege federal\u0103, War Power Resolution, menit\u0103 s\u0103 verifice puterea pre\u015fedintelui SUA de a angaja Statele Unite \u00eentr-un conflict armat f\u0103r\u0103 acordul Congresului SUA, potrivit News.ro.<\/p>\n<p>\u201eFurnizez acest raport consolidat suplimentar, preg\u0103tit de administra\u0163ia mea \u015fi \u00een conformitate cu Rezolu\u0163ia privind puterile de r\u0103zboi (Legea public\u0103 93-148), ca parte a eforturilor mele de a informa Congresul cu privire la desf\u0103\u015furarea de for\u0163e armate ale Statelor Unite echipate pentru lupt\u0103\u201d, precizeaz\u0103 pre\u015fedintele Joe Biden \u00een preambulul scrisorii.<\/p>\n<p>Raportul precizeaz\u0103 c\u00e2\u021bi solda\u0163i americani au fost trimi\u015fi \u00een baze din \u0163\u0103rile europene membre ale NATO.<\/p>\n<p>\u201eAproximativ 80 000 de membri ai for\u0163elor armate ale Statelor Unite sunt repartiza\u0163i sau desf\u0103\u015fura\u0163i \u00een \u0163\u0103rile Organiza\u0163iei Tratatului Atlanticului de Nord din Europa, inclusiv cei desf\u0103\u015fura\u0163i pentru a-i lini\u015fti pe alia\u0163ii no\u015ftri \u015fi pentru a descuraja o nou\u0103 agresiune rus\u0103\u201d, precizeaz\u0103 raportul lui Joe Biden c\u0103tre liderii Congresului.<\/p>\n<p>\u00cenc\u0103 de la \u00eenceputul anului 2022, dup\u0103 agresiunea rus\u0103 din Ucraina, pre\u015fedintele Joe Biden a luat \u00een considerare \u015fi a aprobat oficial desf\u0103\u015furarea de for\u0163e militare americane suplimentare \u00een Europa de Est, decizii pentru \u00eent\u0103rirea flancului estic \u2013 inclusiv \u00een Rom\u00e2nia \u2013 fiind luate ulterior la summiturile NATO.\u00a0<\/p>\n<p>Liderii NATO au convenit \u00een martie 2022 s\u0103 \u00eenfiin\u0163eze patru grupuri de lupt\u0103 multina\u0163ionale suplimentare de-a lungul flancului estic al alian\u0163ei, inclusiv unul condus de Fran\u0163a \u00een Rom\u00e2nia. Unitatea, sta\u0163ionat\u0103 la Cincu, va deveni o brigad\u0103 de 4.000 de oameni p\u00e2n\u0103 anul viitor. Ea include trupe din Belgia, Luxemburg, Macedonia de Nord, Polonia, Portugalia \u015fi SUA.<\/p>\n<p>De asemeena, \u00een plus fa\u0163\u0103 de ap\u0103rarea american\u0103 antirachet\u0103 de la Deveselu, baza aerian\u0103 de la Mihail Kog\u0103lniceanu va fi transformat\u0103 \u00eentr-una dintre cele mai mari facilit\u0103\u0163i ale NATO. Odat\u0103 ce moderniz\u0103rile vor fi finalizate, \u00een 2030, Kog\u0103lniceanu va g\u0103zdui peste 10.000 de solda\u0163i \u015fi civili, dintre care o parte vor fi transfera\u0163i de la baza american\u0103 Ramstein din Germania.<\/p>\n<p>\u00a0<\/p>","protected":false},"excerpt":{"rendered":"<p>Raportul a fost trimis de Joe Biden \u00een cadrul unei scrisori, dup\u0103 o lege federal\u0103,&hellip;<\/p>\n","protected":false},"author":0,"featured_media":14328,"comment_status":"open","ping_status":"open","sticky":false,"template":"","format":"standard","meta":{"footnotes":""},"categories":[2],"tags":[],"class_list":["post-14341","post","type-post","status-publish","format-standard","has-post-thumbnail","hentry","category-actual"],"_links":{"self":[{"href":"https:\/\/247stiri.ro\/index.php\/wp-json\/wp\/v2\/posts\/14341","targetHints":{"allow":["GET"]}}],"collection":[{"href":"https:\/\/247stiri.ro\/index.php\/wp-json\/wp\/v2\/posts"}],"about":[{"href":"https:\/\/247stiri.ro\/index.php\/wp-json\/wp\/v2\/types\/post"}],"replies":[{"embeddable":true,"href":"https:\/\/247stiri.ro\/index.php\/wp-json\/wp\/v2\/comments?post=14341"}],"version-history":[{"count":0,"href":"https:\/\/247stiri.ro\/index.php\/wp-json\/wp\/v2\/posts\/14341\/revisions"}],"wp:featuredmedia":[{"embeddable":true,"href":"https:\/\/247stiri.ro\/index.php\/wp-json\/wp\/v2\/media\/14328"}],"wp:attachment":[{"href":"https:\/\/247stiri.ro\/index.php\/wp-json\/wp\/v2\/media?parent=14341"}],"wp:term":[{"taxonomy":"category","embeddable":true,"href":"https:\/\/247stiri.ro\/index.php\/wp-json\/wp\/v2\/categories?post=14341"},{"taxonomy":"post_tag","embeddable":true,"href":"https:\/\/247stiri.ro\/index.php\/wp-json\/wp\/v2\/tags?post=14341"}],"curies":[{"name":"wp","href":"https:\/\/api.w.org\/{rel}","templated":true}]}}