{"id":14364,"date":"2024-12-07T08:46:00","date_gmt":"2024-12-07T08:46:00","guid":{"rendered":"https:\/\/247stiri.ro\/index.php\/2024\/12\/07\/aici-se-gaseste-lacul-cu-cea-mai-pura-apa-din-romania-legendele-spun-ca-daca-te-speli-cu-ea-vei-fi-protejat-tot-anul\/"},"modified":"2024-12-07T08:46:00","modified_gmt":"2024-12-07T08:46:00","slug":"aici-se-gaseste-lacul-cu-cea-mai-pura-apa-din-romania-legendele-spun-ca-daca-te-speli-cu-ea-vei-fi-protejat-tot-anul","status":"publish","type":"post","link":"https:\/\/247stiri.ro\/index.php\/2024\/12\/07\/aici-se-gaseste-lacul-cu-cea-mai-pura-apa-din-romania-legendele-spun-ca-daca-te-speli-cu-ea-vei-fi-protejat-tot-anul\/","title":{"rendered":"Aici se g\u0103se\u0219te lacul cu cea mai pur\u0103 ap\u0103 din Rom\u00e2nia. Legendele spun c\u0103 dac\u0103 te speli cu ea vei fi protejat tot anul"},"content":{"rendered":"<p>Rom\u00e2nia este plin\u0103 de locuri minunate \u0219i pline de legende, dar unul dintre cele mai speciale este, f\u0103r\u0103 \u00eendoial\u0103, Lacul Sf\u00e2nta Ana, situat \u00een apropiere de Tu\u0219nad. Aflat la aproximativ 50 de kilometri de Miercurea Ciuc, acest lac nu este doar o perl\u0103 a naturii datorit\u0103 frumuse\u021bii sale, ci \u0219i pentru apa sa extrem de pur\u0103, comparabil\u0103 cu apa distilat\u0103. Legendele locale spun c\u0103 cei care se spal\u0103 pe m\u00e2ini cu apa din lac vor fi proteja\u021bi tot anul.<\/p>\n<p>\u00cenconjurat de mun\u021bi \u0219i p\u0103duri dense, Lacul Sf\u00e2nta Ana atrage anual mii de turi\u0219ti care vin s\u0103 se bucure de pove\u0219tile \u0219i frumuse\u021bea natural\u0103 a locului. Sezonul vizitelor \u00eencepe \u00een luna aprilie, c\u00e2nd lacul \u0219i rezerva\u021bia Tinovul Moho\u0219 devin accesibile pentru to\u021bi cei care doresc s\u0103 \u00eenve\u021be despre procesele naturii \u0219i s\u0103 se reconecteze cu mediul \u00eenconjur\u0103tor.<\/p>\n<p>\u00cen apropierea lacului sunt amenajate zone pentru picnic \u0219i camping, f\u0103c\u00e2nd din acest loc destina\u021bia perfect\u0103 pentru o evadare \u00een natur\u0103. De asemenea, turi\u0219tii pot opta pentru plimb\u0103ri cu barca pe lac, pentru care tarifele sunt de 50 de lei pentru adul\u021bi \u0219i 25 de lei pentru elevi.<\/p>\n<p>Dosa Elek Levente, Directorul Rezerva\u021biei, a explicat, pentru Click: \u201eCu acesta organiz\u0103m curse de circa jum\u0103tate de or\u0103 pe lac. Se face o tur\u0103 \u00een form\u0103 de inim\u0103. Mergem, acces\u0103m zona cea mai ad\u00e2nc\u0103 \u0219i dup\u0103 aceea revenim la ponton\u201d.<\/p>\n<p><a title=\"Nu mai vor CEAS si ORE. Insula ai carei locuitori cer eliminiarea notiunii de timp\" href=\"https:\/\/www.realitatea.net\/stiri\/lifestyle\/nu-mai-vor-ceas-si-ore-insula-ai-carei-locuitori-cer-eliminiarea-notiunii-de-timp_6753f0cce8c2c1435c0f14cb\">Nu mai vor CEAS \u0219i ORE. Insula ai c\u0103rei locuitori cer eliminiarea no\u021biunii de timp<\/a><\/p>\n<p>Lacul Sf\u00e2nta Ana s-a format pe fundul singurului crater vulcanic r\u0103mas intact \u00een Europa Central\u0103 \u0219i de Est. Cu o suprafa\u021b\u0103 de aproape 20 de hectare \u0219i o ad\u00e2ncime maxim\u0103 de 7 metri, lacul este un exemplu spectaculos al frumuse\u021bii naturale \u0219i al proceselor geologice.<\/p>\n<p>Sc\u0103ldatul \u00een Lacul Sf\u00e2nta Ana este interzis pentru a proteja puritatea apei, dar o supersti\u021bie local\u0103 sugereaz\u0103 c\u0103 cei care se spal\u0103 pe m\u00e2ini cu apa din lac vor fi proteja\u021bi tot anul. Aceast\u0103 credin\u021b\u0103 adaug\u0103 un plus de farmec \u0219i mister vizitei la lac, atr\u0103g\u00e2nd \u0219i mai mul\u021bi turi\u0219ti curio\u0219i.<\/p>\n<p>Un vizitator fidel al lacului a \u00eemp\u0103rt\u0103\u0219it: \u201eNoi am mai fost aici, cred c\u0103 e a cincea sau a \u0219asea oar\u0103, nici nu mai \u0219tiu de c\u00e2te ori am fost. Am fost \u0219i toamna, \u0219i iarna, \u0219i prim\u0103vara. Merit\u0103, merit\u0103 s\u0103 fie v\u0103zut\u201d.<\/p>\n<p>Lacul Sf\u00e2nta Ana nu este doar o destina\u021bie pentru relaxare \u0219i recreere, ci \u0219i un loc unde po\u021bi \u00eenv\u0103\u021ba despre natur\u0103 \u0219i geologie. Pentru cei care sunt mai spirituali, Capela Sf\u00e2nta Ana ofer\u0103 o oportunitate de a reflecta \u0219i de a se conecta la istoria \u0219i spiritualitatea locului.<\/p>\n<p><a title=\"Alege o holograma si descifreaza mesajul subconstientului tau pentru anul 2025\" href=\"https:\/\/www.realitatea.net\/stiri\/actual\/alege-o-holograma-si-descifreaza-mesajul-subconstientului-tau-pentru-anul-2025_6753ffa3164cc70a2615d272\">Alege o hologram\u0103 \u0219i descifreaz\u0103 mesajul subcon\u0219tientului t\u0103u pentru anul 2025<\/a><\/p>","protected":false},"excerpt":{"rendered":"<p>Rom\u00e2nia este plin\u0103 de locuri minunate \u0219i pline de legende, dar unul dintre cele mai&hellip;<\/p>\n","protected":false},"author":0,"featured_media":14346,"comment_status":"open","ping_status":"open","sticky":false,"template":"","format":"standard","meta":{"footnotes":""},"categories":[2],"tags":[],"class_list":["post-14364","post","type-post","status-publish","format-standard","has-post-thumbnail","hentry","category-actual"],"_links":{"self":[{"href":"https:\/\/247stiri.ro\/index.php\/wp-json\/wp\/v2\/posts\/14364","targetHints":{"allow":["GET"]}}],"collection":[{"href":"https:\/\/247stiri.ro\/index.php\/wp-json\/wp\/v2\/posts"}],"about":[{"href":"https:\/\/247stiri.ro\/index.php\/wp-json\/wp\/v2\/types\/post"}],"replies":[{"embeddable":true,"href":"https:\/\/247stiri.ro\/index.php\/wp-json\/wp\/v2\/comments?post=14364"}],"version-history":[{"count":0,"href":"https:\/\/247stiri.ro\/index.php\/wp-json\/wp\/v2\/posts\/14364\/revisions"}],"wp:featuredmedia":[{"embeddable":true,"href":"https:\/\/247stiri.ro\/index.php\/wp-json\/wp\/v2\/media\/14346"}],"wp:attachment":[{"href":"https:\/\/247stiri.ro\/index.php\/wp-json\/wp\/v2\/media?parent=14364"}],"wp:term":[{"taxonomy":"category","embeddable":true,"href":"https:\/\/247stiri.ro\/index.php\/wp-json\/wp\/v2\/categories?post=14364"},{"taxonomy":"post_tag","embeddable":true,"href":"https:\/\/247stiri.ro\/index.php\/wp-json\/wp\/v2\/tags?post=14364"}],"curies":[{"name":"wp","href":"https:\/\/api.w.org\/{rel}","templated":true}]}}