{"id":14368,"date":"2024-12-07T08:46:00","date_gmt":"2024-12-07T08:46:00","guid":{"rendered":"https:\/\/247stiri.ro\/index.php\/2024\/12\/07\/9-perchezitii-in-bucuresti-si-in-5-judete-in-legatura-cu-comemorarea-lui-zelea-codreanu-de-la-tancabesti-surse-serban-suru-seful-miscarii-legionare-din-romania-printre-cei-vizati\/"},"modified":"2024-12-07T08:46:00","modified_gmt":"2024-12-07T08:46:00","slug":"9-perchezitii-in-bucuresti-si-in-5-judete-in-legatura-cu-comemorarea-lui-zelea-codreanu-de-la-tancabesti-surse-serban-suru-seful-miscarii-legionare-din-romania-printre-cei-vizati","status":"publish","type":"post","link":"https:\/\/247stiri.ro\/index.php\/2024\/12\/07\/9-perchezitii-in-bucuresti-si-in-5-judete-in-legatura-cu-comemorarea-lui-zelea-codreanu-de-la-tancabesti-surse-serban-suru-seful-miscarii-legionare-din-romania-printre-cei-vizati\/","title":{"rendered":"9 perchezi\u0163ii \u00een Bucure\u015fti \u015fi \u00een 5 jude\u0163e \u00een leg\u0103tur\u0103 cu comemorarea lui Zelea-Codreanu de la T\u00e2nc\u0103be\u015fti. SURSE: \u015eerban Suru, \u015feful Misc\u0103rii Legionare din Rom\u00e2nia, printre cei viza\u021bi"},"content":{"rendered":"<p>\u201dParchetul de pe l\u00e2ng\u0103 Tribunalul Ilfov a efectuat 9 perchezi\u0163ii domiciliare pe raza municipiului Bucure\u015fti \u015fi a jude\u0163elor Ilfov, Timi\u015f, Maramure\u015f, S\u0103laj \u015fi Neam\u0163, \u00eentr-o cauz\u0103 \u00een care se efectueaz\u0103 cercet\u0103ri sub aspectul s\u0103v\u00e2r\u015firii infrac\u0163iunii de utilizare \u00een public a simbolurilor fasciste, legionare, rasiste sau xenofobe, const\u00e2nd \u00een aceea c\u0103, \u00een data de 30.11.2024, \u00een localitatea T\u00e2nc\u0103be\u015fti, jude\u0163ul Ilfov a fost organizat\u0103 o comemorare a 86 de ani de la moartea liderului mi\u015fc\u0103rii legionare, Corneliu Zelea &#8211; Codreanu \u015fi a altor 13 membri ai mi\u015fc\u0103rii, la care au participat aproximativ 100 &#8211; 150 de persoane. Cu aceast\u0103 ocazie persoanele vizate de anchet\u0103, al\u0103turi \u015fi de alte persoane \u00eenc\u0103 neidentificate, au folosit steaguri cu simboluri ce reprezint\u0103 Mi\u015fcarea Legionar\u0103, au purtat uniforme legionare \u015fi au adoptat simboluri specifice, cum este salutul specific Mi\u015fc\u0103rii Legionare. Ulterior, \u00een spa\u0163iul public, prin intermediul aplica\u0163iei Tik Tok, au fost distribuite mai multe videoclipuri cu aspecte de la comemorarea de la T\u00e2nc\u0103be\u015fti\u201d, a transmis Ministerului Public.<\/p>\n<p>Surse apropiate anchetei afirm\u0103 c\u0103 printre cei viza\u0163i se afl\u0103 \u015eerban Suru, care se autoproclama \u015feful Miscarii Legionare din Rom\u00e2nia, cercetat pentru utilizarea in public a simbolurilor fasciste, legionare, rasiste sau xenofobe, pentru c\u0103, la evenimentul de la la troi\u0163a lui Corneliu Zelea Codreanu, a purtat uniforma cu insemne legionare \u015fi a efectuat salutul legionar, relateaz\u0103 News.ro.<\/p>\n<p>Perchezi\u021biile \u00eel vizeaz\u0103 \u0219i pe Florin Dobrescu, vicepre\u015fedintele Fundatiei Ion Gavril\u0103 Ogoranu, care a efectuat salut legionar \u015fi este organizatorul activitatii de comemorare, dar \u015fi so\u0163ia sa, mai spun sursele citate.<\/p>\n<p>Totodat\u0103, printre persoane vizate s-ar afla \u015fi un b\u0103rbat de 45 de ani, care a purtat uniforma cu \u00eensemne legionare, a efectuat salut legionar \u015fi a avut steag cu insemne legionare.\u00a0<\/p>\n<p>Anun\u021bul Ministerului Public vine la scurt timp dup\u0103 cel al Inspectoratului Jude\u021bean de Poli\u021bie Ilfov care anun\u021ba, la r\u00e2ndul s\u0103u, perchezi\u021biile de s\u0103mb\u0103t\u0103 diminea\u021b\u0103.<\/p>\n<p>Poli\u021bi\u0219tii ilfoveni spuneau c\u0103 ac\u0163iunea beneficiaz\u0103 de sprijinul lupt\u0103torilor din cadrul Serviciului pentru Ac\u0163iuni Speciale Ilfov, dar \u015fi a structurilor de poli\u0163ie din cadrul inspectoratelor de politie Timi\u015f, S\u0103laj, Neam\u0163 \u015fi Maramure\u015f.\u00a0<\/p>\n<p>Conform IPJ Ilfov, ancheta vizeaz\u0103 fapte de utilizare a simbolurilor fasciste, legionare, rasiste sau xenofobe, petrecute la data de 30.11.2024, la monumentul din localitatea T\u00e2nc\u0103be\u015fti, jude\u0163ul Ilfov.<\/p>\n<p>Activit\u0103\u0163ile se desf\u0103\u015foar\u0103 sub coordonarea Parchetului de pe l\u00e2ng\u0103 Tribunalul Ilfov.<\/p>\n<p>\u00a0<\/p>","protected":false},"excerpt":{"rendered":"<p>\u201dParchetul de pe l\u00e2ng\u0103 Tribunalul Ilfov a efectuat 9 perchezi\u0163ii domiciliare pe raza municipiului Bucure\u015fti&hellip;<\/p>\n","protected":false},"author":0,"featured_media":14369,"comment_status":"open","ping_status":"open","sticky":false,"template":"","format":"standard","meta":{"footnotes":""},"categories":[2],"tags":[],"class_list":["post-14368","post","type-post","status-publish","format-standard","has-post-thumbnail","hentry","category-actual"],"_links":{"self":[{"href":"https:\/\/247stiri.ro\/index.php\/wp-json\/wp\/v2\/posts\/14368","targetHints":{"allow":["GET"]}}],"collection":[{"href":"https:\/\/247stiri.ro\/index.php\/wp-json\/wp\/v2\/posts"}],"about":[{"href":"https:\/\/247stiri.ro\/index.php\/wp-json\/wp\/v2\/types\/post"}],"replies":[{"embeddable":true,"href":"https:\/\/247stiri.ro\/index.php\/wp-json\/wp\/v2\/comments?post=14368"}],"version-history":[{"count":0,"href":"https:\/\/247stiri.ro\/index.php\/wp-json\/wp\/v2\/posts\/14368\/revisions"}],"wp:featuredmedia":[{"embeddable":true,"href":"https:\/\/247stiri.ro\/index.php\/wp-json\/wp\/v2\/media\/14369"}],"wp:attachment":[{"href":"https:\/\/247stiri.ro\/index.php\/wp-json\/wp\/v2\/media?parent=14368"}],"wp:term":[{"taxonomy":"category","embeddable":true,"href":"https:\/\/247stiri.ro\/index.php\/wp-json\/wp\/v2\/categories?post=14368"},{"taxonomy":"post_tag","embeddable":true,"href":"https:\/\/247stiri.ro\/index.php\/wp-json\/wp\/v2\/tags?post=14368"}],"curies":[{"name":"wp","href":"https:\/\/api.w.org\/{rel}","templated":true}]}}