{"id":1437,"date":"2024-10-24T08:53:38","date_gmt":"2024-10-24T08:53:38","guid":{"rendered":"https:\/\/247stiri.ro\/index.php\/2024\/10\/24\/gigi-becali-arunca-bomba-pe-cine-va-sustine-daca-george-simion-nu-intra-in-turul-2-la-prezidentiale\/"},"modified":"2024-10-24T08:53:38","modified_gmt":"2024-10-24T08:53:38","slug":"gigi-becali-arunca-bomba-pe-cine-va-sustine-daca-george-simion-nu-intra-in-turul-2-la-prezidentiale","status":"publish","type":"post","link":"https:\/\/247stiri.ro\/index.php\/2024\/10\/24\/gigi-becali-arunca-bomba-pe-cine-va-sustine-daca-george-simion-nu-intra-in-turul-2-la-prezidentiale\/","title":{"rendered":"Gigi Becali arunc\u0103 BOMBA! Pe cine va sus\u021bine dac\u0103 George Simion nu intr\u0103 \u00een turul 2 la preziden\u021biale"},"content":{"rendered":"<p>\u201eVictor Ponta zicea s\u0103 ma duc \u0219i s\u0103 intru la partidul lui. Care partid? \u0102la care avea zero voturi? P\u0103i ce, crezi vreodat\u0103 c\u0103 cineva m\u0103 trage pe mine la r\u0103spundere? Voi nu \u0219ti\u021bi cine sunt eu! Ce, eu am secrete? Secrete \u00eenseamn\u0103 \u00eentuneric, adev\u0103rul \u00eenseamn\u0103 lumin\u0103. Eu vreau s\u0103 candidez \u0219i candidez! E clar? Dar eu, ce votez? (&#8230;) Nu vede\u021bi ce se \u00eent\u00e2mpl\u0103 cu Geoan\u0103? Nu sunt cu el, dar \u2026 c\u00e2nd vezi c\u0103 un om cic\u0103 are amantl\u00eec, curv\u0103s\u0103real\u0103, mafie ru\u0219i. Niciuna nu e adev\u0103rat\u0103! S\u0103 distrugi \u00een halul \u0103sta un om? Curv\u0103s\u0103real\u0103 la el? P\u0103i era cu nevast\u0103-sa!<\/p>\n<p><a href=\"https:\/\/www.realitatea.net\/stiri\/politica\/simion-prima-reactie-despre-planul-hrebenciuc-am-vorbit-cu-gigi-becali-iam-zis-sa-numi-impuna-prietenii-lui_6718a35b8e92ec3d006ed262\" target=\"_blank\" rel=\"noopener\">Simion, prima reac\u021bie despre planul Hrebenciuc: Am vorbit cu Gigi Becali, i-am zis s\u0103 nu-mi impun\u0103 ce zic prietenii lui<\/a><\/p>\n<p>Deci, ca s\u0103 fie clar pentru toat\u0103 lumea: niciodat\u0103 nu voi sus\u021bine PSD, dar Simion intr\u0103 \u00een turul doi! Na! Dau \u0219i eu un r\u0103spuns ca Rare\u0219 Bogdan. Eu i-am spus c\u0103, dac\u0103 intr\u0103 Simion \u00een turul 2 s\u0103 ne sus\u021bin\u0103 ei, iar dac\u0103 intr\u0103 Ciuc\u0103, sus\u021binem noi. Dar ei nu au vrut s\u0103 ia \u00een calcul s\u0103 \u00eel sus\u021bin\u0103 pe Simion \u00een turul 2. Rare\u0219 a spus: Niciodat\u0103 PSD, dar Ciuc\u0103 intr\u0103 \u00een turul doi. Dar nu a pronun\u021bat Simion \u00een turul 2. \u0218i ce dac\u0103 Ciolacu a venit la FCSB? Nu vreau eu PSD la conducere.<\/p>\n<p><a href=\"https:\/\/www.realitatea.net\/stiri\/actual\/cine-este-viorel-hrebenciuc-omul-pe-care-gigi-becali-il-considera-deschizatorul-de-usi-pentru-marcel-ciolacu-video_6718c3de53ef1971d321e31f\" target=\"_blank\" rel=\"noopener\">Cine este Viorel Hrebenciuc, omul pe care Gigi Becali \u00eel consider\u0103 \u201edeschiz\u0103torul de u\u0219i\u201d pentru Marcel Ciolacu VIDEO<\/a><\/p>\n<p>Tot timpul numai ei au fost la c\u00e2rm\u0103. Au acaparat puterea prin prim\u0103rii. Au primari care sunt \u00een func\u021bie de 30-50 de ani. Dar eu \u00eel sus\u021bin pe Ciuc\u0103 \u00eentr-o final\u0103 cu Ciolacu. Eu diplomat m\u0103 fac, dar mincinos nu. Trebuie s\u0103 \u0219tie oamenii ce voteaz\u0103\u201d, a declarat finan\u021batorul de la FCSB.<\/p>","protected":false},"excerpt":{"rendered":"<p>\u201eVictor Ponta zicea s\u0103 ma duc \u0219i s\u0103 intru la partidul lui. Care partid? \u0102la&hellip;<\/p>\n","protected":false},"author":0,"featured_media":1429,"comment_status":"open","ping_status":"open","sticky":false,"template":"","format":"standard","meta":{"footnotes":""},"categories":[2],"tags":[],"class_list":["post-1437","post","type-post","status-publish","format-standard","has-post-thumbnail","hentry","category-actual"],"_links":{"self":[{"href":"https:\/\/247stiri.ro\/index.php\/wp-json\/wp\/v2\/posts\/1437","targetHints":{"allow":["GET"]}}],"collection":[{"href":"https:\/\/247stiri.ro\/index.php\/wp-json\/wp\/v2\/posts"}],"about":[{"href":"https:\/\/247stiri.ro\/index.php\/wp-json\/wp\/v2\/types\/post"}],"replies":[{"embeddable":true,"href":"https:\/\/247stiri.ro\/index.php\/wp-json\/wp\/v2\/comments?post=1437"}],"version-history":[{"count":0,"href":"https:\/\/247stiri.ro\/index.php\/wp-json\/wp\/v2\/posts\/1437\/revisions"}],"wp:featuredmedia":[{"embeddable":true,"href":"https:\/\/247stiri.ro\/index.php\/wp-json\/wp\/v2\/media\/1429"}],"wp:attachment":[{"href":"https:\/\/247stiri.ro\/index.php\/wp-json\/wp\/v2\/media?parent=1437"}],"wp:term":[{"taxonomy":"category","embeddable":true,"href":"https:\/\/247stiri.ro\/index.php\/wp-json\/wp\/v2\/categories?post=1437"},{"taxonomy":"post_tag","embeddable":true,"href":"https:\/\/247stiri.ro\/index.php\/wp-json\/wp\/v2\/tags?post=1437"}],"curies":[{"name":"wp","href":"https:\/\/api.w.org\/{rel}","templated":true}]}}