{"id":14444,"date":"2024-12-07T11:44:58","date_gmt":"2024-12-07T11:44:58","guid":{"rendered":"https:\/\/247stiri.ro\/index.php\/2024\/12\/07\/soferul-autocarului-spaniol-implicat-intr-un-accident-in-franta-soldat-cu-2-morti-si-41-de-raniti-testat-pozitiv-la-cocaina-pedeapsa-primita\/"},"modified":"2024-12-07T11:44:58","modified_gmt":"2024-12-07T11:44:58","slug":"soferul-autocarului-spaniol-implicat-intr-un-accident-in-franta-soldat-cu-2-morti-si-41-de-raniti-testat-pozitiv-la-cocaina-pedeapsa-primita","status":"publish","type":"post","link":"https:\/\/247stiri.ro\/index.php\/2024\/12\/07\/soferul-autocarului-spaniol-implicat-intr-un-accident-in-franta-soldat-cu-2-morti-si-41-de-raniti-testat-pozitiv-la-cocaina-pedeapsa-primita\/","title":{"rendered":"\u015eoferul autocarului spaniol implicat \u00eentr-un accident \u00een Fran\u0163a soldat cu 2 mor\u0163i \u015fi 41 de r\u0103ni\u0163i, testat pozitiv la cocain\u0103. Pedeapsa primit\u0103"},"content":{"rendered":"<p>Accidentul a avut loc pe un drum de munte, la peste 1.600 de metri altutudine.<\/p>\n<p>So\u015ferul spaniol al autocarului transporta 48 de pasageri, \u00een principal spanioli \u015fi columbieni reziden\u0163i \u00een Spania, care se aflau \u00eentr-o excursie de o zi de la Barcelona la Pas de la Case, un burg \u00een Andorra, cunoscut prin magazine f\u0103r\u0103 taxe.<\/p>\n<p>Accidentul a avut loc pe drumul de \u00eentoarcere.<\/p>\n<p>\u201dDin totalul victimelor, 32 au fost \u00eenregistrate ca spitalizate \u00een Spania \u015fi nou\u0103 \u00een Fran\u0163a. \u00centre persoanele spitalizate \u00een Fran\u0163a, \u015fase sunt \u00een continuare \u00een spital \u00een prezent\u201d, precizeaz\u0103 parchetul.<\/p>\n<p>Ancheta, \u00eencredin\u0163at\u0103 Jandarmeriei, a permis s\u0103 se stabileasc\u0103 c\u0103 \u201dautobuzul, folosit de obicei de c\u0103tre \u015fofer, a fost men\u0163inut \u00een circula\u0163ie \u00een pofida lipsei controlului tehnic obligatoriu, iar cronotahigraful, aparatul care \u00eenregisteaz\u0103 viteza \u015fi timpul de conducere, era dezactivat\u201d, se arat\u0103 \u00een comunicatul parchetului.<\/p>\n<p>\u201dAnaliza toxicologic\u0103 a probelor de s\u00e2nge prelevate (\u015foferului) s-a dovedit pozitiv\u0103 la benzoilecgonin\u0103 (BZE), principalul metabolit al ccainei, care pemite s\u0103 se presupun\u0103 consumul cocainei de c\u0103tre \u015fofer \u00eentr-o perioad\u0103 de timp apropiat\u0103 de accident\u201d, precizeaz\u0103 parchetul.<\/p>\n<p>\u015eoferul, \u00een v\u00e2rst\u0103 de 50 de ani, a fost prezentat \u00een fa\u0163a unui judec\u0103tor de instruc\u0163ie cu privire la \u201domor din culp\u0103 \u015fi r\u0103nire din culp\u0103 (&#8230;) de c\u0103tre \u015fofer, agravate de \u00eenc\u0103lcarea deliberat\u0103 a unei anumite obliga\u0163ii de pruden\u0163\u0103 sau de siguran\u0163\u0103 \u015fi prin consumul de stupefiante\u201d \u015fi la \u201dpunerea \u00een pericol a vie\u0163ii celuilalt\u201d. El a fost plasat \u00een deten\u0163ie provizorie.<\/p>","protected":false},"excerpt":{"rendered":"<p>Accidentul a avut loc pe un drum de munte, la peste 1.600 de metri altutudine.&hellip;<\/p>\n","protected":false},"author":0,"featured_media":14438,"comment_status":"open","ping_status":"open","sticky":false,"template":"","format":"standard","meta":{"footnotes":""},"categories":[2],"tags":[],"class_list":["post-14444","post","type-post","status-publish","format-standard","has-post-thumbnail","hentry","category-actual"],"_links":{"self":[{"href":"https:\/\/247stiri.ro\/index.php\/wp-json\/wp\/v2\/posts\/14444","targetHints":{"allow":["GET"]}}],"collection":[{"href":"https:\/\/247stiri.ro\/index.php\/wp-json\/wp\/v2\/posts"}],"about":[{"href":"https:\/\/247stiri.ro\/index.php\/wp-json\/wp\/v2\/types\/post"}],"replies":[{"embeddable":true,"href":"https:\/\/247stiri.ro\/index.php\/wp-json\/wp\/v2\/comments?post=14444"}],"version-history":[{"count":0,"href":"https:\/\/247stiri.ro\/index.php\/wp-json\/wp\/v2\/posts\/14444\/revisions"}],"wp:featuredmedia":[{"embeddable":true,"href":"https:\/\/247stiri.ro\/index.php\/wp-json\/wp\/v2\/media\/14438"}],"wp:attachment":[{"href":"https:\/\/247stiri.ro\/index.php\/wp-json\/wp\/v2\/media?parent=14444"}],"wp:term":[{"taxonomy":"category","embeddable":true,"href":"https:\/\/247stiri.ro\/index.php\/wp-json\/wp\/v2\/categories?post=14444"},{"taxonomy":"post_tag","embeddable":true,"href":"https:\/\/247stiri.ro\/index.php\/wp-json\/wp\/v2\/tags?post=14444"}],"curies":[{"name":"wp","href":"https:\/\/api.w.org\/{rel}","templated":true}]}}