{"id":14449,"date":"2024-12-07T11:44:59","date_gmt":"2024-12-07T11:44:59","guid":{"rendered":"https:\/\/247stiri.ro\/index.php\/2024\/12\/07\/doua-persoane-amendate-pentru-vandalizarea-sediului-psd-din-ploiesti-ce-au-declarat-in-fata-politistilor\/"},"modified":"2024-12-07T11:44:59","modified_gmt":"2024-12-07T11:44:59","slug":"doua-persoane-amendate-pentru-vandalizarea-sediului-psd-din-ploiesti-ce-au-declarat-in-fata-politistilor","status":"publish","type":"post","link":"https:\/\/247stiri.ro\/index.php\/2024\/12\/07\/doua-persoane-amendate-pentru-vandalizarea-sediului-psd-din-ploiesti-ce-au-declarat-in-fata-politistilor\/","title":{"rendered":"Dou\u0103 persoane, AMENDATE pentru vandalizarea sediului PSD din Ploie\u015fti. Ce au declarat \u00een fa\u021ba poli\u021bi\u0219tilor"},"content":{"rendered":"<p>Datele f\u0103cute publice s\u00e2mb\u0103t\u0103 de oficialii Poli\u0163iei Prahova arat\u0103 c\u0103 o femeie, o ploie\u015fteanc\u0103 de 32 de ani, este cea care a scris mesaje obscene pe sediul PSD Ploie\u015fti, iar un b\u0103rbat de 38 de ani a lovit cu toporul un panou din PVC, amplasat \u00een laterala cl\u0103dirii.\u00a0<\/p>\n<p>Cei doi au afirmat \u00een fa\u0163a poli\u0163i\u015ftilor c\u0103 nu i-a \u00eendemnat nimeni, nu pl\u0103nuiser\u0103 acest gest, ci l-au f\u0103cut \u00een urma unui impuls de moment, sus\u021bin surse judiciare citate de News.ro.<\/p>\n<p>A treia persoan\u0103 implicat\u0103 \u00een incident, un b\u0103rbat de 21 de ani care fusese identificat \u00eenc\u0103 de vineri sear\u0103, a afirmat c\u0103 a fost \u015fofer pentru cei doi \u015fi nu \u015ftia ce urma s\u0103 fac\u0103 ace\u015ftia, au precizat sursele citate.<\/p>\n<p>Femeia \u015fi b\u0103rbatul au fost amenda\u0163i \u00een baza Legii 61\/1991 pentru sanc\u0163ionarea faptelor de \u00eenc\u0103lcare a unor norme de convie\u0163uire social\u0103, a ordinii \u015fi lini\u015ftii publice \u015fi sunt cerceta\u0163i penal pentru distrugere. Amenzile sunt \u0163n valoare de 3.000 \u015fi 1.000 de lei.\u00a0<\/p>","protected":false},"excerpt":{"rendered":"<p>Datele f\u0103cute publice s\u00e2mb\u0103t\u0103 de oficialii Poli\u0163iei Prahova arat\u0103 c\u0103 o femeie, o ploie\u015fteanc\u0103 de&hellip;<\/p>\n","protected":false},"author":0,"featured_media":14450,"comment_status":"open","ping_status":"open","sticky":false,"template":"","format":"standard","meta":{"footnotes":""},"categories":[2],"tags":[],"class_list":["post-14449","post","type-post","status-publish","format-standard","has-post-thumbnail","hentry","category-actual"],"_links":{"self":[{"href":"https:\/\/247stiri.ro\/index.php\/wp-json\/wp\/v2\/posts\/14449","targetHints":{"allow":["GET"]}}],"collection":[{"href":"https:\/\/247stiri.ro\/index.php\/wp-json\/wp\/v2\/posts"}],"about":[{"href":"https:\/\/247stiri.ro\/index.php\/wp-json\/wp\/v2\/types\/post"}],"replies":[{"embeddable":true,"href":"https:\/\/247stiri.ro\/index.php\/wp-json\/wp\/v2\/comments?post=14449"}],"version-history":[{"count":0,"href":"https:\/\/247stiri.ro\/index.php\/wp-json\/wp\/v2\/posts\/14449\/revisions"}],"wp:featuredmedia":[{"embeddable":true,"href":"https:\/\/247stiri.ro\/index.php\/wp-json\/wp\/v2\/media\/14450"}],"wp:attachment":[{"href":"https:\/\/247stiri.ro\/index.php\/wp-json\/wp\/v2\/media?parent=14449"}],"wp:term":[{"taxonomy":"category","embeddable":true,"href":"https:\/\/247stiri.ro\/index.php\/wp-json\/wp\/v2\/categories?post=14449"},{"taxonomy":"post_tag","embeddable":true,"href":"https:\/\/247stiri.ro\/index.php\/wp-json\/wp\/v2\/tags?post=14449"}],"curies":[{"name":"wp","href":"https:\/\/api.w.org\/{rel}","templated":true}]}}