{"id":14455,"date":"2024-12-07T11:45:00","date_gmt":"2024-12-07T11:45:00","guid":{"rendered":"https:\/\/247stiri.ro\/index.php\/2024\/12\/07\/zeci-de-sefi-de-stat-de-guverne-si-capete-incoronate-participa-la-redeschiderea-catedralei-notre-dame-trump-si-zelenski-sunt-prezenti-la-eveniment\/"},"modified":"2024-12-07T11:45:00","modified_gmt":"2024-12-07T11:45:00","slug":"zeci-de-sefi-de-stat-de-guverne-si-capete-incoronate-participa-la-redeschiderea-catedralei-notre-dame-trump-si-zelenski-sunt-prezenti-la-eveniment","status":"publish","type":"post","link":"https:\/\/247stiri.ro\/index.php\/2024\/12\/07\/zeci-de-sefi-de-stat-de-guverne-si-capete-incoronate-participa-la-redeschiderea-catedralei-notre-dame-trump-si-zelenski-sunt-prezenti-la-eveniment\/","title":{"rendered":"Zeci de \u0219efi de stat, de guverne \u015fi capete \u00eencoronate particip\u0103 la redeschiderea Catedralei Notre-Dame. Trump \u0219i Zelenski sunt prezen\u021bi la eveniment"},"content":{"rendered":"<p>Pre\u015fedintele ucrainean Volodimir Zelenski urmeaz\u0103 s\u0103 fie primit la Palatul\u00a0Elys\u00e9e de c\u0103tre pre\u015fedintele francez\u00a0Emmanuel Macron, precedat de\u00a0Donald Trump.<\/p>\n<p>Numero\u015fi lideri europeni \u015fi-au confirmat prezen\u0163a, inclusiv pre\u015fedinta greac\u0103 Katerina Sakellaropoulou, pre\u015fedintele german Frank-Walter Steinmeier, pre\u015fedintele italian Sergio Mattarella, pre\u015fedin\u0163ii polonez Andrzej Duda, croat Zoran Milanovic, bulgar Rumen Radev, eston Alar Karis, finlandez Alexander Stubb sau lituanian Gitanas Naus\u00e9da, scrie news.ro.<\/p>\n<p>Pre\u015fedinta Comisiei Europene (CE)\u00a0Ursula von der Leyen a respins p\u00e2n\u0103 la urm\u0103 invita\u0163ia.<\/p>\n<p>\u00centre capetele \u00eencoronate a\u015fteptate se afl\u0103 cuplul regal belgian\u00a0Philippe \u015fi Mathilde \u015fi prin\u0163ul\u00a0Albert de Monaco.<\/p>\n<p>Prin\u0163ul\u00a0William urmeaz\u0103 s\u0103 asiste, la r\u00e2ndul s\u0103u, la redeschiderea catedralei \u201d\u00een numele Regatului Unit\u201d, a anun\u0163at vineri Palatul\u00a0Kensington, preciz\u00e2nd c\u0103 so\u0163ia acestuia,\u00a0Kate, nu-l va \u00eenso\u0163i la aceast\u0103 ceremonie.<\/p>\n<p>Premierul italian\u00a0Giorgia Meloni, premierul armean Nikol Pa\u015finian \u015fi pre\u015fedinta georgian\u0103 Salome Zurabi\u015fvili urmeaz\u0103 s\u0103 fie de asemenea prezen\u0163i, dar \u015fi premierul s\u00e2rb\u00a0Milos Vucevic, pre\u015fedinta Kosovo\u00a0Vjosa Osmani \u015fi premierul olandez\u00a0Dick Schoof.<\/p>\n<p>Mai mul\u0163i lideri africani urmeaz\u0103 s\u0103 fie de asemenea prezen\u0163i la acest eveniment planetar, inclusiv pre\u015fedintele Congo\u00a0Denis Sassou Nguesso, pre\u015fedintele Republicii Democrate Congo\u00a0F\u00e9lix Tshisekedi sau pre\u015fedin\u0163ii Gabonului Brice Oligui Nguema sau Togo\u00a0Faure Gnassingbe.<\/p>\n<p>Actualul pre\u015fedinte american joe Biden este reprezentat de c\u0103tre Prima Doamn\u0103 Jill Biden.<\/p>","protected":false},"excerpt":{"rendered":"<p>Pre\u015fedintele ucrainean Volodimir Zelenski urmeaz\u0103 s\u0103 fie primit la Palatul\u00a0Elys\u00e9e de c\u0103tre pre\u015fedintele francez\u00a0Emmanuel Macron,&hellip;<\/p>\n","protected":false},"author":0,"featured_media":14440,"comment_status":"open","ping_status":"open","sticky":false,"template":"","format":"standard","meta":{"footnotes":""},"categories":[2],"tags":[],"class_list":["post-14455","post","type-post","status-publish","format-standard","has-post-thumbnail","hentry","category-actual"],"_links":{"self":[{"href":"https:\/\/247stiri.ro\/index.php\/wp-json\/wp\/v2\/posts\/14455","targetHints":{"allow":["GET"]}}],"collection":[{"href":"https:\/\/247stiri.ro\/index.php\/wp-json\/wp\/v2\/posts"}],"about":[{"href":"https:\/\/247stiri.ro\/index.php\/wp-json\/wp\/v2\/types\/post"}],"replies":[{"embeddable":true,"href":"https:\/\/247stiri.ro\/index.php\/wp-json\/wp\/v2\/comments?post=14455"}],"version-history":[{"count":0,"href":"https:\/\/247stiri.ro\/index.php\/wp-json\/wp\/v2\/posts\/14455\/revisions"}],"wp:featuredmedia":[{"embeddable":true,"href":"https:\/\/247stiri.ro\/index.php\/wp-json\/wp\/v2\/media\/14440"}],"wp:attachment":[{"href":"https:\/\/247stiri.ro\/index.php\/wp-json\/wp\/v2\/media?parent=14455"}],"wp:term":[{"taxonomy":"category","embeddable":true,"href":"https:\/\/247stiri.ro\/index.php\/wp-json\/wp\/v2\/categories?post=14455"},{"taxonomy":"post_tag","embeddable":true,"href":"https:\/\/247stiri.ro\/index.php\/wp-json\/wp\/v2\/tags?post=14455"}],"curies":[{"name":"wp","href":"https:\/\/api.w.org\/{rel}","templated":true}]}}