{"id":14474,"date":"2024-12-07T12:45:51","date_gmt":"2024-12-07T12:45:51","guid":{"rendered":"https:\/\/247stiri.ro\/index.php\/2024\/12\/07\/coreea-de-sud-cuprinsa-de-proteste-150-000-de-oameni-cer-demisia-presedintelui\/"},"modified":"2024-12-07T12:45:51","modified_gmt":"2024-12-07T12:45:51","slug":"coreea-de-sud-cuprinsa-de-proteste-150-000-de-oameni-cer-demisia-presedintelui","status":"publish","type":"post","link":"https:\/\/247stiri.ro\/index.php\/2024\/12\/07\/coreea-de-sud-cuprinsa-de-proteste-150-000-de-oameni-cer-demisia-presedintelui\/","title":{"rendered":"Coreea de Sud, cuprins\u0103 de proteste. 150.000 de oameni cer demisia pre\u015fedintelui"},"content":{"rendered":"<p>Protest uria\u015f \u00een Coreea de Sud: 150.000 de oameni cer demisia pre\u015fedintelui. Protestul vine la doar c\u00e2teva zile dup\u0103 ce pre\u015fedintele a \u015focat na\u0163iunea anun\u0163\u00e2nd mar\u0163i seara instaurarea legii mar\u0163iale \u015fi trimiterea armatei \u00een Parlament, o m\u0103sur\u0103 f\u0103r\u0103 precedent din 1980, c\u00e2nd dictatorul Chun Doo-hwan a preluat puterea printr-o lovitur\u0103 de stat, informeaz\u0103 AFP.<\/p>\n<p>\u00cen timp ce poli\u0163ia estimeaz\u0103 prezen\u0163a a 149.000 de protestatari, organizatorii sus\u0163in c\u0103 num\u0103rul acestora a ajuns la un milion.<\/p>\n<p>\u00cen paralel cu protestele, parlamentarii au \u00eenceput procedura de destituire a pre\u015fedintelui, \u00eens\u0103 votul este \u00een pericol dup\u0103 ce majoritatea deputa\u0163ilor din partidul preziden\u0163ial PPP au p\u0103r\u0103sit sala pentru a \u00eempiedica \u00eentrunirea cvorumului necesar.<\/p>\n<p>Pentru ca mo\u0163iunea de destituire s\u0103 treac\u0103, sunt necesare minim 200 de voturi din totalul de 300. Partidele de opozi\u0163ie au 192 de locuri, \u00een timp ce PPP are 108. Mo\u0163iunea trebuie votat\u0103 p\u00e2n\u0103 duminic\u0103 la ora 1.00, altfel va fi anulat\u0103 automat.<\/p>","protected":false},"excerpt":{"rendered":"<p>Protest uria\u015f \u00een Coreea de Sud: 150.000 de oameni cer demisia pre\u015fedintelui. Protestul vine la&hellip;<\/p>\n","protected":false},"author":0,"featured_media":14471,"comment_status":"open","ping_status":"open","sticky":false,"template":"","format":"standard","meta":{"footnotes":""},"categories":[2],"tags":[],"class_list":["post-14474","post","type-post","status-publish","format-standard","has-post-thumbnail","hentry","category-actual"],"_links":{"self":[{"href":"https:\/\/247stiri.ro\/index.php\/wp-json\/wp\/v2\/posts\/14474","targetHints":{"allow":["GET"]}}],"collection":[{"href":"https:\/\/247stiri.ro\/index.php\/wp-json\/wp\/v2\/posts"}],"about":[{"href":"https:\/\/247stiri.ro\/index.php\/wp-json\/wp\/v2\/types\/post"}],"replies":[{"embeddable":true,"href":"https:\/\/247stiri.ro\/index.php\/wp-json\/wp\/v2\/comments?post=14474"}],"version-history":[{"count":0,"href":"https:\/\/247stiri.ro\/index.php\/wp-json\/wp\/v2\/posts\/14474\/revisions"}],"wp:featuredmedia":[{"embeddable":true,"href":"https:\/\/247stiri.ro\/index.php\/wp-json\/wp\/v2\/media\/14471"}],"wp:attachment":[{"href":"https:\/\/247stiri.ro\/index.php\/wp-json\/wp\/v2\/media?parent=14474"}],"wp:term":[{"taxonomy":"category","embeddable":true,"href":"https:\/\/247stiri.ro\/index.php\/wp-json\/wp\/v2\/categories?post=14474"},{"taxonomy":"post_tag","embeddable":true,"href":"https:\/\/247stiri.ro\/index.php\/wp-json\/wp\/v2\/tags?post=14474"}],"curies":[{"name":"wp","href":"https:\/\/api.w.org\/{rel}","templated":true}]}}