{"id":14538,"date":"2024-12-07T14:46:46","date_gmt":"2024-12-07T14:46:46","guid":{"rendered":"https:\/\/247stiri.ro\/index.php\/2024\/12\/07\/nicusor-dan-propus-de-catre-ong-uri-si-politicieni-sa-candideze-la-alegerile-prezidentiale-ce-le-a-raspuns-primarul-capitalei\/"},"modified":"2024-12-07T14:46:46","modified_gmt":"2024-12-07T14:46:46","slug":"nicusor-dan-propus-de-catre-ong-uri-si-politicieni-sa-candideze-la-alegerile-prezidentiale-ce-le-a-raspuns-primarul-capitalei","status":"publish","type":"post","link":"https:\/\/247stiri.ro\/index.php\/2024\/12\/07\/nicusor-dan-propus-de-catre-ong-uri-si-politicieni-sa-candideze-la-alegerile-prezidentiale-ce-le-a-raspuns-primarul-capitalei\/","title":{"rendered":"Nicu\u0219or Dan, propus de c\u0103tre ONG-uri \u0219i politicieni s\u0103 candideze la alegerile preziden\u021biale. Ce le-a r\u0103spuns primarul Capitalei"},"content":{"rendered":"<p>Primarul general este \u00eencurajat de tot mai multe voci s\u0103 candideze la urm\u0103torul scrutin preziden\u021bial, care ar urma s\u0103 se organizeze anul viitor dup\u0103 ce CCR a anun\u021bat pe ultima sut\u0103 de metri alegerile pentru func\u021bia suprem\u0103 \u00een stata, chiar dup\u0103 \u00eenceperea votului \u00een turul decisiv.<\/p>\n<p>Mai multe ONG-uri, reunite la un eveniment organizat la Cluj -Napoca, \u0219i-au exprimat sprijinul pentru o eventual\u0103 candidatur\u0103 a lui Nicu\u0219or Dan.<\/p>\n<p>\u0218i liderul partidului DREPT &#8211; Vlad Gheorghe i-a cerut primarului Capitalei, Nicu\u015for Dan, s\u0103 candideze independent la Pre\u015fedin\u0163ia Rom\u00e2niei.<\/p>\n<p>\u201e\u00cei cer primarului independent al Capitalei, Nicu\u015for Dan, s\u0103 \u00ee\u015fi asume o candidatur\u0103 independent\u0103 la Pre\u015fedin\u0163ia Rom\u00e2niei! \u00cen aceste vremuri grele pentru Rom\u00e2nia avem nevoie de cel care a reu\u015fit cu adev\u0103rat s\u0103 uneasc\u0103 pe toat\u0103 lumea \u00een jurul candidaturii sale. Avem nevoie de un candidat cu adev\u0103rat independent, f\u0103r\u0103 partid, dar care a dovedit deja c\u0103 poate s\u0103 c\u00e2\u015ftige b\u0103t\u0103lii grele. Cu adev\u0103rat avem nevoie de Nicu\u015for Dan\u201d, a transmis el pe Facebook.<\/p>\n<p>\u201eLe cer liderilor tuturor partidelor proeuropene, parlamentare \u015fi neparlamentare, s\u0103 \u00een\u0163eleag\u0103 momentul istoric \u015fi s\u0103 \u00eei sprijine candidatura independent\u0103. \u015ei v\u0103 cer \u015fi vou\u0103, tuturor, s\u0103 sus\u0163ine\u0163i candidatura lui Nicu\u015for Dan \u015fi s\u0103 v\u0103 ralia\u0163i \u00een jurul s\u0103u. Avem nevoie unii de al\u0163ii s\u0103 trecem peste acest moment greu!\u201d, a mai spus Vlad Gheorghe.<\/p>\n<p>R\u0103spunsul lui Nicu\u0219or Dan<\/p>\n<p>\u201eAnaliza abia \u00eencepe \u00een momentul acesta. \u0218i analiza nu e la nivel de persoane, e la nivel de toate partidele pro-europene. (&#8230;) \u00cencepem analiza \u0219i noi, a\u0219a cum o \u00eencepe toat\u0103 lumea. \u00cen orice caz, e o chestiune foarte serioas\u0103. (&#8230;) Pentru moment aceast\u0103 analiz\u0103 o fac \u00eempreun\u0103 cu colaboratorii mei. Dar desigur c\u0103 sunt deschise, discut\u0103m cu toat\u0103 lumea. Dar nu e a\u0219a de important numele. Important este ca modul \u00een care se selecteaz\u0103 candida\u021bii de c\u0103tre partidele pro-europene s\u0103 fie g\u00e2ndit dinainte, astfel \u00eenc\u00e2t s\u0103 nu fim \u00eentr-o situa\u021bie disperat\u0103, cum am fost alalt\u0103ieri\u201d, a spus Nicu\u0219or Dan \u00eentr-o interven\u021bie tv.<\/p>\n<p>\u00centrebat dac\u0103 ar putea fi candidat comun PSD-PNL la alegerile preziden\u021biale, edilul Capitalei a r\u0103spuns: \u201e\u00cen momentul acesta cred c\u0103 sunt foarte multe ipoteze \u0219i nu cred c\u0103 trebuie s\u0103 avans\u0103m.<\/p>\n<p>Cred c\u0103 trebuie ca toate partidele s\u0103-\u0219i fac\u0103 analizele proprii \u0219i, \u00een func\u021bie de asta, \u00eentr-o s\u0103pt\u0103m\u00e2n\u0103-dou\u0103, s\u0103 ia decizii\u201d, a spus Nicu\u0219or Dan.<\/p>","protected":false},"excerpt":{"rendered":"<p>Primarul general este \u00eencurajat de tot mai multe voci s\u0103 candideze la urm\u0103torul scrutin preziden\u021bial,&hellip;<\/p>\n","protected":false},"author":0,"featured_media":14531,"comment_status":"open","ping_status":"open","sticky":false,"template":"","format":"standard","meta":{"footnotes":""},"categories":[2],"tags":[],"class_list":["post-14538","post","type-post","status-publish","format-standard","has-post-thumbnail","hentry","category-actual"],"_links":{"self":[{"href":"https:\/\/247stiri.ro\/index.php\/wp-json\/wp\/v2\/posts\/14538","targetHints":{"allow":["GET"]}}],"collection":[{"href":"https:\/\/247stiri.ro\/index.php\/wp-json\/wp\/v2\/posts"}],"about":[{"href":"https:\/\/247stiri.ro\/index.php\/wp-json\/wp\/v2\/types\/post"}],"replies":[{"embeddable":true,"href":"https:\/\/247stiri.ro\/index.php\/wp-json\/wp\/v2\/comments?post=14538"}],"version-history":[{"count":0,"href":"https:\/\/247stiri.ro\/index.php\/wp-json\/wp\/v2\/posts\/14538\/revisions"}],"wp:featuredmedia":[{"embeddable":true,"href":"https:\/\/247stiri.ro\/index.php\/wp-json\/wp\/v2\/media\/14531"}],"wp:attachment":[{"href":"https:\/\/247stiri.ro\/index.php\/wp-json\/wp\/v2\/media?parent=14538"}],"wp:term":[{"taxonomy":"category","embeddable":true,"href":"https:\/\/247stiri.ro\/index.php\/wp-json\/wp\/v2\/categories?post=14538"},{"taxonomy":"post_tag","embeddable":true,"href":"https:\/\/247stiri.ro\/index.php\/wp-json\/wp\/v2\/tags?post=14538"}],"curies":[{"name":"wp","href":"https:\/\/api.w.org\/{rel}","templated":true}]}}