{"id":14562,"date":"2024-12-07T15:44:57","date_gmt":"2024-12-07T15:44:57","guid":{"rendered":"https:\/\/247stiri.ro\/index.php\/2024\/12\/07\/descoperire-macabra-disparut-de-2-zile-de-acasa-un-batran-de-78-de-ani-a-fost-gasit-mort-la-liziera-unei-paduri\/"},"modified":"2024-12-07T15:44:57","modified_gmt":"2024-12-07T15:44:57","slug":"descoperire-macabra-disparut-de-2-zile-de-acasa-un-batran-de-78-de-ani-a-fost-gasit-mort-la-liziera-unei-paduri","status":"publish","type":"post","link":"https:\/\/247stiri.ro\/index.php\/2024\/12\/07\/descoperire-macabra-disparut-de-2-zile-de-acasa-un-batran-de-78-de-ani-a-fost-gasit-mort-la-liziera-unei-paduri\/","title":{"rendered":"Descoperire macabr\u0103. Disp\u0103rut de 2 zile de acas\u0103, un b\u0103tr\u00e2n de 78 de ani a fost g\u0103sit mort la liziera unei p\u0103duri"},"content":{"rendered":"<p>Un b\u0103rbat din satul Vifor\u00e2ta, comuna Berca, jude\u0163ul Buz\u0103u care a fost dat disp\u0103rut \u00een cursul zilei de vineri a fost g\u0103sit f\u0103r\u0103 suflare \u00eentr-o zon\u0103 \u00eemp\u0103durit\u0103 dintre comunele Scor\u0163oasa \u015fi Od\u0103ile.<\/p>\n<p>Potrivit IPJ Buz\u0103u, \u00een zona \u00eemp\u0103durit\u0103 dintre Scor\u0163oasa \u015fi Od\u0103ile, a fost descoperit cadavrul unei persoane, exist\u00e2nd indicii c\u0103 ar fi b\u0103rbatul de 78 de ani, din Vifor\u00e2ta, a c\u0103rui dispari\u0163ie a fost semnalat\u0103 \u00een cursul zilei de vineri.\u00a0Poli\u0163i\u015ftii continu\u0103 cercet\u0103rile, sub coordonarea parchetului, \u00een cauz\u0103 urm\u00e2nd a se efectua inclusiv necropsia, pentru clarificarea tuturor \u00eemprejur\u0103rilor \u00een care a survenit decesul persoanei.\u00a0\u00a0Poli\u0163i\u015ftii au demarat vineri c\u0103ut\u0103rile b\u0103rbatului dup\u0103 ce familia acestuia a semnalat c\u0103 acesta a plecat de acas\u0103 \u00een cursul zilei de joi \u015fi nu a mai revenit.\u00a0Pentru c\u0103utarea b\u0103rbatului au fost mobilizate echipaje ale Poli\u0163iei, Jandarmeriei \u015fi ISU Buz\u0103u, cu c\u00e2ini de urm\u0103, ATV-uri \u015fi camere cu termoviziune.<\/p>","protected":false},"excerpt":{"rendered":"<p>Un b\u0103rbat din satul Vifor\u00e2ta, comuna Berca, jude\u0163ul Buz\u0103u care a fost dat disp\u0103rut \u00een&hellip;<\/p>\n","protected":false},"author":0,"featured_media":14563,"comment_status":"open","ping_status":"open","sticky":false,"template":"","format":"standard","meta":{"footnotes":""},"categories":[2],"tags":[],"class_list":["post-14562","post","type-post","status-publish","format-standard","has-post-thumbnail","hentry","category-actual"],"_links":{"self":[{"href":"https:\/\/247stiri.ro\/index.php\/wp-json\/wp\/v2\/posts\/14562","targetHints":{"allow":["GET"]}}],"collection":[{"href":"https:\/\/247stiri.ro\/index.php\/wp-json\/wp\/v2\/posts"}],"about":[{"href":"https:\/\/247stiri.ro\/index.php\/wp-json\/wp\/v2\/types\/post"}],"replies":[{"embeddable":true,"href":"https:\/\/247stiri.ro\/index.php\/wp-json\/wp\/v2\/comments?post=14562"}],"version-history":[{"count":0,"href":"https:\/\/247stiri.ro\/index.php\/wp-json\/wp\/v2\/posts\/14562\/revisions"}],"wp:featuredmedia":[{"embeddable":true,"href":"https:\/\/247stiri.ro\/index.php\/wp-json\/wp\/v2\/media\/14563"}],"wp:attachment":[{"href":"https:\/\/247stiri.ro\/index.php\/wp-json\/wp\/v2\/media?parent=14562"}],"wp:term":[{"taxonomy":"category","embeddable":true,"href":"https:\/\/247stiri.ro\/index.php\/wp-json\/wp\/v2\/categories?post=14562"},{"taxonomy":"post_tag","embeddable":true,"href":"https:\/\/247stiri.ro\/index.php\/wp-json\/wp\/v2\/tags?post=14562"}],"curies":[{"name":"wp","href":"https:\/\/api.w.org\/{rel}","templated":true}]}}