{"id":14604,"date":"2024-12-07T19:44:46","date_gmt":"2024-12-07T19:44:46","guid":{"rendered":"https:\/\/247stiri.ro\/index.php\/2024\/12\/07\/ursula-von-der-leyen-dupa-convorbirea-buna-cu-iohannis-poporul-roman-e-cel-care-trebuie-sa-decida-ce-e-mai-bine-pentru-tara-fara-interferente-straine\/"},"modified":"2024-12-07T19:44:46","modified_gmt":"2024-12-07T19:44:46","slug":"ursula-von-der-leyen-dupa-convorbirea-buna-cu-iohannis-poporul-roman-e-cel-care-trebuie-sa-decida-ce-e-mai-bine-pentru-tara-fara-interferente-straine","status":"publish","type":"post","link":"https:\/\/247stiri.ro\/index.php\/2024\/12\/07\/ursula-von-der-leyen-dupa-convorbirea-buna-cu-iohannis-poporul-roman-e-cel-care-trebuie-sa-decida-ce-e-mai-bine-pentru-tara-fara-interferente-straine\/","title":{"rendered":"Ursula von der Leyen, dup\u0103 convorbirea &#8222;bun\u0103&#8221; cu Iohannis: Poporul rom\u00e2n e cel care trebuie s\u0103 decid\u0103 ce e mai bine pentru \u0163ar\u0103, f\u0103r\u0103 interferen\u0163e str\u0103ine"},"content":{"rendered":"<p>Comisia European\u0103 va continua s\u0103 ac\u0163ioneze astfel \u00eenc\u00e2t platformele s\u0103 \u00ee\u015fi respecte obliga\u0163iile care le revin \u00een temeiul legii europene privind serviciile digitale (Digital Services Act) \u00een ceea ce prive\u015fte alegerile din Europa, a dat asigur\u0103ri \u015fefa Executivului european, anun\u0163\u00e2nd c\u0103 a avut o convorbire telefonic\u0103 &#8222;bun\u0103&#8221; cu pre\u015fedintele Klaus Iohannis.<\/p>\n<p>La r\u00e2ndul s\u0103u, vicepre\u015fedinta executiv\u0103 pentru oameni, competen\u0163\u0103 \u015fi preg\u0103tire, Roxana M\u00eenzatu, a scris pe aceea\u015fi platform\u0103 c\u0103, &#8222;prin tragerea la r\u0103spundere a platformelor online, Comisia a demonstrat \u00een aceast\u0103 s\u0103pt\u0103m\u00e2n\u0103 c\u0103 va ac\u0163iona pentru a se asigura c\u0103 cet\u0103\u0163enilor li se permite s\u0103 decid\u0103 pentru cine s\u0103 voteze &#8211; f\u0103r\u0103 interferen\u0163e str\u0103ine.&#8221;<\/p>\n<p>&#8222;Rom\u00e2nia are dreptul s\u0103 organizeze alegeri libere \u015fi corecte &#8211; acesta este nucleul democra\u0163iilor noastre&#8221;, a subliniat Roxana M\u00eenzatu.\u00a0<\/p>\n<p>\u00a0<\/p>","protected":false},"excerpt":{"rendered":"<p>Comisia European\u0103 va continua s\u0103 ac\u0163ioneze astfel \u00eenc\u00e2t platformele s\u0103 \u00ee\u015fi respecte obliga\u0163iile care le&hellip;<\/p>\n","protected":false},"author":0,"featured_media":14594,"comment_status":"open","ping_status":"open","sticky":false,"template":"","format":"standard","meta":{"footnotes":""},"categories":[4],"tags":[],"class_list":["post-14604","post","type-post","status-publish","format-standard","has-post-thumbnail","hentry","category-extern"],"_links":{"self":[{"href":"https:\/\/247stiri.ro\/index.php\/wp-json\/wp\/v2\/posts\/14604","targetHints":{"allow":["GET"]}}],"collection":[{"href":"https:\/\/247stiri.ro\/index.php\/wp-json\/wp\/v2\/posts"}],"about":[{"href":"https:\/\/247stiri.ro\/index.php\/wp-json\/wp\/v2\/types\/post"}],"replies":[{"embeddable":true,"href":"https:\/\/247stiri.ro\/index.php\/wp-json\/wp\/v2\/comments?post=14604"}],"version-history":[{"count":0,"href":"https:\/\/247stiri.ro\/index.php\/wp-json\/wp\/v2\/posts\/14604\/revisions"}],"wp:featuredmedia":[{"embeddable":true,"href":"https:\/\/247stiri.ro\/index.php\/wp-json\/wp\/v2\/media\/14594"}],"wp:attachment":[{"href":"https:\/\/247stiri.ro\/index.php\/wp-json\/wp\/v2\/media?parent=14604"}],"wp:term":[{"taxonomy":"category","embeddable":true,"href":"https:\/\/247stiri.ro\/index.php\/wp-json\/wp\/v2\/categories?post=14604"},{"taxonomy":"post_tag","embeddable":true,"href":"https:\/\/247stiri.ro\/index.php\/wp-json\/wp\/v2\/tags?post=14604"}],"curies":[{"name":"wp","href":"https:\/\/api.w.org\/{rel}","templated":true}]}}