{"id":14615,"date":"2024-12-07T19:44:48","date_gmt":"2024-12-07T19:44:48","guid":{"rendered":"https:\/\/247stiri.ro\/index.php\/2024\/12\/07\/batran-de-90-de-ani-spulberat-pe-trecerea-de-pietoni-de-un-sofer-de-doar-21-de-ani\/"},"modified":"2024-12-07T19:44:48","modified_gmt":"2024-12-07T19:44:48","slug":"batran-de-90-de-ani-spulberat-pe-trecerea-de-pietoni-de-un-sofer-de-doar-21-de-ani","status":"publish","type":"post","link":"https:\/\/247stiri.ro\/index.php\/2024\/12\/07\/batran-de-90-de-ani-spulberat-pe-trecerea-de-pietoni-de-un-sofer-de-doar-21-de-ani\/","title":{"rendered":"B\u0103tr\u00e2n de 90 de ani, spulberat pe trecerea de pietoni de un \u0219ofer de doar 21 de ani"},"content":{"rendered":"<p>\u00cen seara zilei de 7 decembrie a.c., poli\u021bi\u0219tii din cadrul Poli\u021biei Ora\u0219ului Mioveni au fost sesiza\u021bi cu privire la un accident pe bld. Dacia din Mioveni, \u00een cadrul c\u0103ruia un pieton a fost accidentat de un autoturism.<\/p>\n<p>Din verific\u0103rile preliminare, efectuate de poli\u021bi\u0219tii Forma\u021biunii Rutiere Mioveni, s-a stabilit c\u0103 un t\u00e2n\u0103r 21 de ani, din Mioveni, care conducea un autoturism pe Bld. Dacia din Mioveni, circul\u00e2nd din direc\u021bia Racovi\u021ba c\u0103tre Coliba\u0219i, \u00een \u00eemprejur\u0103ri care vor fi stabilite prin cercet\u0103ri, a accidentat un b\u0103rbat de 90 de ani, din Foc\u0219ani, jude\u021bul Vrancea, care era angajat \u00een traversarea str\u0103zii.<\/p>\n<p>Pietonul a fost preluat de un echipaj medical \u0219i transportat la spital, unde ulterior a survenit decesul acestuia.<\/p>\n<p>Conduc\u0103torul autoturismului a fost testat cu aparatele din dotare, rezult\u00e2nd c\u0103 nu a consumat alcool sau substan\u021be psihoactive.<\/p>\n<p>\u00cen cauz\u0103 a fost \u00eentocmit dosar penal sub aspectul s\u0103v\u00e2r\u0219irii infrac\u021biunii de ucidere din culp\u0103, iar cercet\u0103rile continu\u0103, pentru stabilirea tuturor \u00eemprejur\u0103rilor \u00een care evenimentul rutier a avut loc.<\/p>","protected":false},"excerpt":{"rendered":"<p>\u00cen seara zilei de 7 decembrie a.c., poli\u021bi\u0219tii din cadrul Poli\u021biei Ora\u0219ului Mioveni au fost&hellip;<\/p>\n","protected":false},"author":0,"featured_media":14616,"comment_status":"open","ping_status":"open","sticky":false,"template":"","format":"standard","meta":{"footnotes":""},"categories":[2],"tags":[],"class_list":["post-14615","post","type-post","status-publish","format-standard","has-post-thumbnail","hentry","category-actual"],"_links":{"self":[{"href":"https:\/\/247stiri.ro\/index.php\/wp-json\/wp\/v2\/posts\/14615","targetHints":{"allow":["GET"]}}],"collection":[{"href":"https:\/\/247stiri.ro\/index.php\/wp-json\/wp\/v2\/posts"}],"about":[{"href":"https:\/\/247stiri.ro\/index.php\/wp-json\/wp\/v2\/types\/post"}],"replies":[{"embeddable":true,"href":"https:\/\/247stiri.ro\/index.php\/wp-json\/wp\/v2\/comments?post=14615"}],"version-history":[{"count":0,"href":"https:\/\/247stiri.ro\/index.php\/wp-json\/wp\/v2\/posts\/14615\/revisions"}],"wp:featuredmedia":[{"embeddable":true,"href":"https:\/\/247stiri.ro\/index.php\/wp-json\/wp\/v2\/media\/14616"}],"wp:attachment":[{"href":"https:\/\/247stiri.ro\/index.php\/wp-json\/wp\/v2\/media?parent=14615"}],"wp:term":[{"taxonomy":"category","embeddable":true,"href":"https:\/\/247stiri.ro\/index.php\/wp-json\/wp\/v2\/categories?post=14615"},{"taxonomy":"post_tag","embeddable":true,"href":"https:\/\/247stiri.ro\/index.php\/wp-json\/wp\/v2\/tags?post=14615"}],"curies":[{"name":"wp","href":"https:\/\/api.w.org\/{rel}","templated":true}]}}