{"id":14621,"date":"2024-12-07T20:44:47","date_gmt":"2024-12-07T20:44:47","guid":{"rendered":"https:\/\/247stiri.ro\/index.php\/2024\/12\/07\/crima-socanta-la-23-de-ani-papusa-a-fost-arestata-dupa-ce-si-a-ucis-propriul-iubit\/"},"modified":"2024-12-07T20:44:47","modified_gmt":"2024-12-07T20:44:47","slug":"crima-socanta-la-23-de-ani-papusa-a-fost-arestata-dupa-ce-si-a-ucis-propriul-iubit","status":"publish","type":"post","link":"https:\/\/247stiri.ro\/index.php\/2024\/12\/07\/crima-socanta-la-23-de-ani-papusa-a-fost-arestata-dupa-ce-si-a-ucis-propriul-iubit\/","title":{"rendered":"Crim\u0103 \u0218OCANT\u0102 la 23 de ani! \u201eP\u0103pu\u0219a\u201d a fost arestat\u0103 dup\u0103 ce \u0219i-a ucis propriul iubit"},"content":{"rendered":"<p>Rodriguez este suspectat\u0103 de implicare \u00een mai multe crime grave \u00een ora\u0219ul Barrancabermeja, fiind legat\u0103 de banda \u201eLos de la M\u201d, o grupare criminal\u0103 periculoas\u0103 din regiunea Santander.<\/p>\n<p>Printre crimele \u00een care este implicat\u0103, se num\u0103r\u0103 \u0219i uciderea fostului s\u0103u iubit, Deyvy Jesus, pe 23 iulie. Conform anchetelor, Rodriguez l-ar fi atras \u00eentr-o capcan\u0103, invit\u00e2ndu-l la o \u00eent\u00e2lnire pentru a rezolva o disput\u0103 financiar\u0103. Odat\u0103 ajuns la locul \u00eent\u00e2lnirii, b\u0103rbatul a fost ucis de doi b\u0103rba\u021bi afla\u021bi pe o motociclet\u0103.<\/p>\n<p>Rodriguez, despre care se crede c\u0103 ar fi ocupat un loc important \u00een ierarhia bandei \u201eLos de la M\u201d, avea o reputa\u021bie teribil\u0103 datorit\u0103 experien\u021bei sale cu armele \u0219i preciziei sale remarcabile. Videoclipuri difuzate de poli\u021bie o prezint\u0103 pe t\u00e2n\u0103ra \u00eenf\u0103\u0219urat\u0103 \u00een c\u0103tu\u0219e, purt\u00e2nd un top alb \u0219i pantaloni scur\u021bi, iar privirea sa de ghea\u021b\u0103 a st\u00e2rnit o adev\u0103rat\u0103 furie pe internet.<\/p>\n\n<p>\u00a0 \u00a0 P\u0103pu\u0219a a fost arestat\u0103 \/ Sursa foto &#8211; Captur\u0103 video<\/p>\n<p>Complicii tinerei au fost descoperi\u021bi \u0219i aresta\u021bi<\/p>\n<p><a href=\"https:\/\/www.realitatea.net\/stiri\/actual\/barbatul-din-alba-care-sia-ucis-fratele-si-ia-ascuns-cadavrul-in-pivnita-unei-case-parasite-a-fost-arestat_675068c4e165877953333c22\" target=\"_blank\">\u00cen cadrul acelea\u0219i opera\u021biuni<\/a>, au fost aresta\u021bi \u0219i complicii ei: Paula Valentina Joya Rueda, \u00een v\u00e2rst\u0103 de 24 de ani, cunoscut\u0103 sub porecla \u201eGorda Sicaria\u201d (\u201eAsasina Gras\u0103\u201d), \u0219i un alt b\u0103rbat identificat ca \u201eLeopoldo\u201d. Poli\u021bia a confiscat \u00een timpul perchezi\u021biilor un revolver \u0219i un pistol de 9 mm, arme ce sunt acum examinate pentru a stabili dac\u0103 au leg\u0103tur\u0103 cu crimele recente.<\/p>\n<p>Autorit\u0103\u021bile nu au anun\u021bat \u00eenc\u0103 acuza\u021biile precise care i se vor adresa Rodriguezei \u0219i complicilor ei. Totu\u0219i, se \u0219tie c\u0103 t\u00e2n\u0103ra a fost implicat\u0103 \u00eenc\u0103 de la v\u00e2rsta de 18 ani \u00een activit\u0103\u021bi ilegale, dob\u00e2ndind rapid notorietate datorit\u0103 comportamentului s\u0103u rece \u0219i calculat. \u00cen calitate de comandant secund al bandei \u201eLos de la M\u201d, care controla opera\u021biunile din \u00eenchisoarea Gir\u00f3n, Rodriguez avea o influen\u021b\u0103 considerabil\u0103 \u00een lumea criminal\u0103.<\/p>\n<p>Cunoscut\u0103 \u0219i temut\u0103 pentru abilitatea ei cu armele de foc, Rodriguez a reu\u0219it s\u0103-\u0219i men\u021bin\u0103 anonimatul timp de mai mul\u021bi ani, folosindu-\u0219i aspectul \u0219i schimb\u00e2ndu-\u0219i frecvent culoarea p\u0103rului pentru a evita <a href=\"https:\/\/www.realitatea.net\/stiri\/actual\/un-roman-din-italia-acuzat-de-crima-sa-sinucis-aruncanduse-pe-geam-dintrun-spital_674b58e95b0f3a0533752b67\" target=\"_blank\">identificarea de c\u0103tre autorit\u0103\u021bi.<\/a><\/p>\n<p>En flagrancia fue capturada una mujer alias \u201cLa Mu\u00f1eca\u201d y \u201cLeopoldo\u201d con un arma de fuego en <a href=\"https:\/\/twitter.com\/hashtag\/Barrancabermeja?src=hash&amp;ref_src=twsrc%5Etfw\">#Barrancabermeja<\/a>. <a href=\"https:\/\/twitter.com\/hashtag\/SeguridadEnElTerritorio?src=hash&amp;ref_src=twsrc%5Etfw\">#SeguridadEnElTerritorio<\/a> <a href=\"https:\/\/t.co\/sUrtS45Wkh\">pic.twitter.com\/sUrtS45Wkh<\/a><\/p>\n<p>\u2014 Departamento de Polic\u00eda Magdalena Medio (@PoliciaDEMAM) <a href=\"https:\/\/twitter.com\/PoliciaDEMAM\/status\/1863151217800536509?ref_src=twsrc%5Etfw\">December 1, 2024<\/a><\/p>","protected":false},"excerpt":{"rendered":"<p>Rodriguez este suspectat\u0103 de implicare \u00een mai multe crime grave \u00een ora\u0219ul Barrancabermeja, fiind legat\u0103&hellip;<\/p>\n","protected":false},"author":0,"featured_media":14622,"comment_status":"open","ping_status":"open","sticky":false,"template":"","format":"standard","meta":{"footnotes":""},"categories":[4],"tags":[],"class_list":["post-14621","post","type-post","status-publish","format-standard","has-post-thumbnail","hentry","category-extern"],"_links":{"self":[{"href":"https:\/\/247stiri.ro\/index.php\/wp-json\/wp\/v2\/posts\/14621","targetHints":{"allow":["GET"]}}],"collection":[{"href":"https:\/\/247stiri.ro\/index.php\/wp-json\/wp\/v2\/posts"}],"about":[{"href":"https:\/\/247stiri.ro\/index.php\/wp-json\/wp\/v2\/types\/post"}],"replies":[{"embeddable":true,"href":"https:\/\/247stiri.ro\/index.php\/wp-json\/wp\/v2\/comments?post=14621"}],"version-history":[{"count":0,"href":"https:\/\/247stiri.ro\/index.php\/wp-json\/wp\/v2\/posts\/14621\/revisions"}],"wp:featuredmedia":[{"embeddable":true,"href":"https:\/\/247stiri.ro\/index.php\/wp-json\/wp\/v2\/media\/14622"}],"wp:attachment":[{"href":"https:\/\/247stiri.ro\/index.php\/wp-json\/wp\/v2\/media?parent=14621"}],"wp:term":[{"taxonomy":"category","embeddable":true,"href":"https:\/\/247stiri.ro\/index.php\/wp-json\/wp\/v2\/categories?post=14621"},{"taxonomy":"post_tag","embeddable":true,"href":"https:\/\/247stiri.ro\/index.php\/wp-json\/wp\/v2\/tags?post=14621"}],"curies":[{"name":"wp","href":"https:\/\/api.w.org\/{rel}","templated":true}]}}