{"id":14635,"date":"2024-12-07T21:50:55","date_gmt":"2024-12-07T21:50:55","guid":{"rendered":"https:\/\/247stiri.ro\/index.php\/2024\/12\/07\/elena-lasconi-daca-ccr-va-anula-de-zece-ori-alegerile-eu-voi-candida-si-a-11-a-oara\/"},"modified":"2024-12-07T21:50:55","modified_gmt":"2024-12-07T21:50:55","slug":"elena-lasconi-daca-ccr-va-anula-de-zece-ori-alegerile-eu-voi-candida-si-a-11-a-oara","status":"publish","type":"post","link":"https:\/\/247stiri.ro\/index.php\/2024\/12\/07\/elena-lasconi-daca-ccr-va-anula-de-zece-ori-alegerile-eu-voi-candida-si-a-11-a-oara\/","title":{"rendered":"Elena Lasconi: \u201eDac\u0103 CCR va anula de zece ori alegerile, eu voi candida \u0219i a 11-a oar\u0103!\u201d"},"content":{"rendered":"<p>\u201eDragii mei,Tr\u0103im vremuri tulburi. Suntem extrem de fragili.V\u0103 \u0219tiu sup\u0103r\u0103rile \u0219i frustr\u0103rile. V\u0103 rog s\u0103 nu le transforma\u021bi \u00een muni\u021bie pentru extremi\u0219ti!V\u0103d c\u0103 m\u00e2ine se \u00eencearc\u0103 o destabilizare \u0219i mai mare a \u021b\u0103rii. M\u0103 adresez vou\u0103, oameni de bun\u0103-credin\u021b\u0103: r\u0103m\u00e2ne\u021bi de partea bun\u0103 a istoriei \u0219i nu v\u0103 duce\u021bi m\u00e2ine la vot a\u0219a cum v\u0103 \u00eendeamn\u0103 politicienii ru\u0219ilor!E adev\u0103rat, decizia CCR ne-a dezbinat \u0219i mai mult, a \u0219ubrezit \u0219i mai tare \u00eencrederea \u00een institu\u021bii \u0219i a venit cu un cost foarte mare. Dar am \u00eencredere \u00een vot, indiferent de c\u00e2te ori CCR va lua decizii arbitrare. Iar dac\u0103 CCR va anula de zece ori alegerile, eu voi candida \u0219i a 11-a oar\u0103.Influen\u021ba Rusiei, dar \u0219i a sistemului profund corupt al trecutului \u0219i prezentului ne sl\u0103besc, ne fac vulnerabili.Cu \u00een\u021belepciune, cu smerenie \u0219i cu dorin\u021ba ferm\u0103 de a ne ap\u0103ra \u021bara pe care o iubim cu to\u021bii, v\u0103 rog s\u0103 nu r\u0103spunde\u021bi instig\u0103rilor.NU UITA\u021aI NICIO CLIP\u0102: \u00ceMPREUN\u0102 SUNTEM PUTERNICI, \u00ceMPREUN\u0102 SUNTEM ROM\u00c2NIA!Dumnezeu s\u0103 binecuv\u00e2nteze \u021bara pe care o iubim cu to\u021bii!\u201d, scrie Elena Lasconi pe Facebook.<\/p>","protected":false},"excerpt":{"rendered":"<p>\u201eDragii mei,Tr\u0103im vremuri tulburi. Suntem extrem de fragili.V\u0103 \u0219tiu sup\u0103r\u0103rile \u0219i frustr\u0103rile. V\u0103 rog s\u0103&hellip;<\/p>\n","protected":false},"author":0,"featured_media":14628,"comment_status":"open","ping_status":"open","sticky":false,"template":"","format":"standard","meta":{"footnotes":""},"categories":[2],"tags":[],"class_list":["post-14635","post","type-post","status-publish","format-standard","has-post-thumbnail","hentry","category-actual"],"_links":{"self":[{"href":"https:\/\/247stiri.ro\/index.php\/wp-json\/wp\/v2\/posts\/14635","targetHints":{"allow":["GET"]}}],"collection":[{"href":"https:\/\/247stiri.ro\/index.php\/wp-json\/wp\/v2\/posts"}],"about":[{"href":"https:\/\/247stiri.ro\/index.php\/wp-json\/wp\/v2\/types\/post"}],"replies":[{"embeddable":true,"href":"https:\/\/247stiri.ro\/index.php\/wp-json\/wp\/v2\/comments?post=14635"}],"version-history":[{"count":0,"href":"https:\/\/247stiri.ro\/index.php\/wp-json\/wp\/v2\/posts\/14635\/revisions"}],"wp:featuredmedia":[{"embeddable":true,"href":"https:\/\/247stiri.ro\/index.php\/wp-json\/wp\/v2\/media\/14628"}],"wp:attachment":[{"href":"https:\/\/247stiri.ro\/index.php\/wp-json\/wp\/v2\/media?parent=14635"}],"wp:term":[{"taxonomy":"category","embeddable":true,"href":"https:\/\/247stiri.ro\/index.php\/wp-json\/wp\/v2\/categories?post=14635"},{"taxonomy":"post_tag","embeddable":true,"href":"https:\/\/247stiri.ro\/index.php\/wp-json\/wp\/v2\/tags?post=14635"}],"curies":[{"name":"wp","href":"https:\/\/api.w.org\/{rel}","templated":true}]}}