{"id":1468,"date":"2024-10-24T10:03:14","date_gmt":"2024-10-24T10:03:14","guid":{"rendered":"https:\/\/247stiri.ro\/index.php\/2024\/10\/24\/alegeri-presedinte-2024-unde-voteaza-alegatorii-daca-nu-sunt-in-localitatea-de-domiciliu-in-ce-conditii-se-prelungeste-votarea\/"},"modified":"2024-10-24T10:03:14","modified_gmt":"2024-10-24T10:03:14","slug":"alegeri-presedinte-2024-unde-voteaza-alegatorii-daca-nu-sunt-in-localitatea-de-domiciliu-in-ce-conditii-se-prelungeste-votarea","status":"publish","type":"post","link":"https:\/\/247stiri.ro\/index.php\/2024\/10\/24\/alegeri-presedinte-2024-unde-voteaza-alegatorii-daca-nu-sunt-in-localitatea-de-domiciliu-in-ce-conditii-se-prelungeste-votarea\/","title":{"rendered":"Alegeri pre\u0219edinte 2024. Unde voteaz\u0103 aleg\u0103torii dac\u0103 nu sunt \u00een localitatea de domiciliu. \u00cen ce condi\u021bii se prelunge\u0219te votarea"},"content":{"rendered":"<p>Toni Grelb\u0103 a explicat, joi, \u00eentr-o conferin\u0163\u0103 de pres\u0103, cum se voteaz\u0103 pentru alegerea pre\u015fedintelui.<\/p>\n<p>Cet\u0103\u0163enii pot s\u0103 voteze la sec\u0163ia de votare la care este arondat\u0103 locuin\u0163a de domiciliu.<\/p>\n<p>\u201dMai pe \u00een\u0163elesul tuturor, dac\u0103 ai domiciliul pe o anume strad\u0103 din Sectorul 1 nu po\u0163i s\u0103 votezi \u00een ziua de 24 noiembrie \u00een Sectorul 6 sau \u00een Sectorul 4\u201d, a afirmat Grebl\u0103.<\/p>\n<p>Dac\u0103 un aleg\u0103tor se afl\u0103 \u00een oricare alt\u0103 localitate din \u0163ar\u0103 sau din str\u0103initate \u00een ziua alegerilor, \u00een afar\u0103 de cea unde are domiciliul, poate s\u0103 voteze la orice sec\u0163ie de votare.<\/p>\n<p>\u201dEste organizat\u0103 doar o singur\u0103 circumscrip\u0163ie electoral\u0103\u201d, a ad\u0103ugat pre\u015fedintele AEP.<\/p>\n<p>Potrivit acestuia, campania electoral\u0103 se va \u00eencheia \u00een ziua de 23 noiembrie, la 07.00 diminea\u0163a.<\/p>\n<p>\u201dDeci, \u00een ziua de 23 noiembrie \u015fi ziua de 24 noiembrie este interzis\u0103 orice manifestare care \u0163ine de campania electoral\u0103 pentru alegerea pre\u015fedintelui. Votarea \u00een \u0163ar\u0103 se va face duminic\u0103, 24 noiembrie, de la 07.00 la 21.00. Exist\u0103 posibilitatea ca prin decizia pre\u015fedintelui sec\u0163iei de votare \u015fi a nim\u0103nui altcineva, dac\u0103 acesta constat\u0103 c\u0103 \u00een sec\u0163ia de votare sau la r\u00e2\u00eend exist\u0103 \u00eenc\u0103 cet\u0103\u0163eni care nu \u015fi-au exercitat dreptul de vot, pre\u015fedintele poate s\u0103 decid\u0103 prewlungirea p\u00e2n\u0103 la ora 23.59, c\u00e2nd aplica\u0163ia pos\u0103 la dispozi\u0163ie de AEP se \u00eenchide automat\u201d, a afirmat Toni Grebl\u0103.<\/p>\n<p>\u00a0<\/p>","protected":false},"excerpt":{"rendered":"<p>Toni Grelb\u0103 a explicat, joi, \u00eentr-o conferin\u0163\u0103 de pres\u0103, cum se voteaz\u0103 pentru alegerea pre\u015fedintelui.&hellip;<\/p>\n","protected":false},"author":0,"featured_media":1460,"comment_status":"open","ping_status":"open","sticky":false,"template":"","format":"standard","meta":{"footnotes":""},"categories":[2],"tags":[],"class_list":["post-1468","post","type-post","status-publish","format-standard","has-post-thumbnail","hentry","category-actual"],"_links":{"self":[{"href":"https:\/\/247stiri.ro\/index.php\/wp-json\/wp\/v2\/posts\/1468","targetHints":{"allow":["GET"]}}],"collection":[{"href":"https:\/\/247stiri.ro\/index.php\/wp-json\/wp\/v2\/posts"}],"about":[{"href":"https:\/\/247stiri.ro\/index.php\/wp-json\/wp\/v2\/types\/post"}],"replies":[{"embeddable":true,"href":"https:\/\/247stiri.ro\/index.php\/wp-json\/wp\/v2\/comments?post=1468"}],"version-history":[{"count":0,"href":"https:\/\/247stiri.ro\/index.php\/wp-json\/wp\/v2\/posts\/1468\/revisions"}],"wp:featuredmedia":[{"embeddable":true,"href":"https:\/\/247stiri.ro\/index.php\/wp-json\/wp\/v2\/media\/1460"}],"wp:attachment":[{"href":"https:\/\/247stiri.ro\/index.php\/wp-json\/wp\/v2\/media?parent=1468"}],"wp:term":[{"taxonomy":"category","embeddable":true,"href":"https:\/\/247stiri.ro\/index.php\/wp-json\/wp\/v2\/categories?post=1468"},{"taxonomy":"post_tag","embeddable":true,"href":"https:\/\/247stiri.ro\/index.php\/wp-json\/wp\/v2\/tags?post=1468"}],"curies":[{"name":"wp","href":"https:\/\/api.w.org\/{rel}","templated":true}]}}