{"id":14717,"date":"2024-12-08T08:44:52","date_gmt":"2024-12-08T08:44:52","guid":{"rendered":"https:\/\/247stiri.ro\/index.php\/2024\/12\/08\/mesajul-presedintelui-ccr-la-doua-zile-de-la-decizia-de-anulare-a-alegerilor\/"},"modified":"2024-12-08T08:44:52","modified_gmt":"2024-12-08T08:44:52","slug":"mesajul-presedintelui-ccr-la-doua-zile-de-la-decizia-de-anulare-a-alegerilor","status":"publish","type":"post","link":"https:\/\/247stiri.ro\/index.php\/2024\/12\/08\/mesajul-presedintelui-ccr-la-doua-zile-de-la-decizia-de-anulare-a-alegerilor\/","title":{"rendered":"Mesajul pre\u0219edintelui CCR, la dou\u0103 zile de la decizia de anulare a alegerilor"},"content":{"rendered":"<p>&#8222;\u00cen acest an, Ziua Constitu\u0163iei noastre coincide cu \u00eemplinirea a 101 de la adoptarea Constitu\u0163iei din 1923 &#8211; Actul fundamental care a definit, \u00eentr-un context european modern, locul statului rom\u00e2n \u015fi drepturile cet\u0103\u0163enilor s\u0103i. Este un prilej de a reflecta at\u00e2t asupra evolu\u0163iei Legii Fundamentale a Rom\u00e2niei, asupra importan\u0163ei acesteia pentru democra\u0163ie \u015fi statul de drept, c\u00e2t \u015fi asupra provoc\u0103rilor cu care ne confrunt\u0103m ast\u0103zi&#8221;, se arat\u0103 \u00een mesaj.Marian Enache reaminte\u015fte c\u0103 principiile fundamentale ale Constitu\u0163iei din 1923 &#8211; drepturile omului, separa\u0163ia puterilor \u00een stat \u015fi protec\u0163ia demnit\u0103\u0163ii \u015fi libert\u0103\u0163ii individuale &#8211; nu au fost niciodat\u0103 complet distruse, ele supravie\u0163uind \u00een spiritul na\u0163ional \u015fi fiind restaurate prin Constitu\u0163ia din 1991.&#8221;La peste trei decenii de la victoria Revolu\u0163iei rom\u00e2ne din decembrie 1989 \u015fi adoptarea noii Constitu\u0163ii a \u0163\u0103rii, este deosebit de important s\u0103 privim cu respect realiz\u0103rile poporului rom\u00e2n \u015fi ale istoriei constitu\u0163ionale, dar \u015fi s\u0103 privim viitorul cu responsabilitate. \u00cen fa\u0163a provoc\u0103rilor contemporane, este esen\u0163ial s\u0103 fim con\u015ftien\u0163i de vulnerabilit\u0103\u0163ile existente, dar \u015fi de resursele de rezilien\u0163\u0103 pe care le avem la dispozi\u0163ie&#8221;, a transmis pre\u015fedintele CCR.El a subliniat c\u0103 \u00eencrederea \u00een Constitu\u0163ie, respectul pentru statul de drept \u015fi ap\u0103rarea principiilor democratice sunt elemente fundamentale pentru consolidarea unei societ\u0103\u0163i stabile, viabile \u015fi echitabile.<\/p>\n<p><a title='Fostul ministru al Justitiei, Tudorel Toader, intervine in scandalul anularii alegerilor: ,,Deciziile CCR sunt mai puternice decat o lege\" VIDEO' href=\"https:\/\/www.realitatea.net\/stiri\/actual\/fostul-ministru-al-justitiei-tudorel-toader-intervine-in-scandalul-anularii-alegerilor-deciziile-ccr-sunt-mai-puternice-decat-o-lege-video_6754b639cd832121f05e16de\">Fostul ministru al Justi\u021biei, Tudorel Toader, intervine \u00een scandalul anul\u0103rii alegerilor: \u201eDeciziile CCR sunt mai puternice dec\u00e2t o lege\u201d VIDEO<\/a>&#8222;Cu toate c\u0103 ast\u0103zi suntem martorii unor for\u0163e care amenin\u0163\u0103 valorile fundamentale ale democra\u0163iei, trebuie s\u0103 fim uni\u0163i \u015fi hot\u0103r\u00e2\u0163i pentru a le contracara \u015fi a le proteja. Curtea Constitu\u0163ional\u0103 va continua s\u0103 apere Constitu\u0163ia \u015fi s\u0103 garanteze c\u0103 drepturile \u015fi libert\u0103\u0163ile fundamentale ale cet\u0103\u0163enilor vor fi respectate. \u00cen fa\u0163a manipul\u0103rii \u015fi dezinform\u0103rii, noi, ca na\u0163iune, avem datoria de a promova adev\u0103rul \u015fi de a reafirma credin\u0163a \u00een Legea Fundamental\u0103 ca un pilon incontestabil al unit\u0103\u0163ii, al progresului \u015fi al suveranit\u0103\u0163ii na\u0163ionale. Este crucial s\u0103 reamintim importan\u0163a libert\u0103\u0163ii de exprimare \u015fi a dreptului la o informare corect\u0103. \u00centr-o lume \u00een care manipularea \u015fi proliferarea \u015ftirilor false, utilizarea necontrolat\u0103 a inteligen\u0163ei artificiale pot influen\u0163a si distorsiona luarea deciziilor, institu\u0163iile statului de drept devin garan\u0163ia real\u0103 \u00een consolidarea procesului democratic&#8221;, se precizeaz\u0103 \u00een mesaj.Pre\u015fedintele CCR reaminte\u015fte c\u0103 avem datoria de a pre\u0163ui tradi\u0163iile constitu\u0163ionale &#8222;\u00een deplin consens cu valorile europene&#8221;, asigur\u00e2ndu-ne c\u0103 viitorul democratic al \u0163\u0103rii este o certitudine, \u00een ciuda tuturor provoc\u0103rilor.&#8221;Cinstirea Constitu\u0163iei poporului rom\u00e2n trebuie manifestat\u0103 prin respectul \u015fi fidelitatea fa\u0163\u0103 de \u0163ar\u0103 ca o \u00eendatorire sacr\u0103 a fiec\u0103rui rom\u00e2n fa\u0163\u0103 de tradi\u0163iile \u015fi valorile perene ale Rom\u00e2niei&#8221;, se mai men\u0163ioneaz\u0103 \u00een mesajul transmis de Marian Enache.\u00a0<\/p>\n<p><a title='Elena Lasconi: ,,Daca CCR va anula de zece ori alegerile, eu voi candida si a 11-a oara!\"' href=\"https:\/\/www.realitatea.net\/stiri\/actual\/elena-lasconi-daca-ccr-va-anula-de-zece-ori-alegerile-eu-voi-candida-si-a-11a-oara_6754c01e39f6e34966198142\">Elena Lasconi: \u201eDac\u0103 CCR va anula de zece ori alegerile, eu voi candida \u0219i a 11-a oar\u0103!\u201d<\/a><\/p>","protected":false},"excerpt":{"rendered":"<p>&#8222;\u00cen acest an, Ziua Constitu\u0163iei noastre coincide cu \u00eemplinirea a 101 de la adoptarea Constitu\u0163iei&hellip;<\/p>\n","protected":false},"author":0,"featured_media":14718,"comment_status":"open","ping_status":"open","sticky":false,"template":"","format":"standard","meta":{"footnotes":""},"categories":[2],"tags":[],"class_list":["post-14717","post","type-post","status-publish","format-standard","has-post-thumbnail","hentry","category-actual"],"_links":{"self":[{"href":"https:\/\/247stiri.ro\/index.php\/wp-json\/wp\/v2\/posts\/14717","targetHints":{"allow":["GET"]}}],"collection":[{"href":"https:\/\/247stiri.ro\/index.php\/wp-json\/wp\/v2\/posts"}],"about":[{"href":"https:\/\/247stiri.ro\/index.php\/wp-json\/wp\/v2\/types\/post"}],"replies":[{"embeddable":true,"href":"https:\/\/247stiri.ro\/index.php\/wp-json\/wp\/v2\/comments?post=14717"}],"version-history":[{"count":0,"href":"https:\/\/247stiri.ro\/index.php\/wp-json\/wp\/v2\/posts\/14717\/revisions"}],"wp:featuredmedia":[{"embeddable":true,"href":"https:\/\/247stiri.ro\/index.php\/wp-json\/wp\/v2\/media\/14718"}],"wp:attachment":[{"href":"https:\/\/247stiri.ro\/index.php\/wp-json\/wp\/v2\/media?parent=14717"}],"wp:term":[{"taxonomy":"category","embeddable":true,"href":"https:\/\/247stiri.ro\/index.php\/wp-json\/wp\/v2\/categories?post=14717"},{"taxonomy":"post_tag","embeddable":true,"href":"https:\/\/247stiri.ro\/index.php\/wp-json\/wp\/v2\/tags?post=14717"}],"curies":[{"name":"wp","href":"https:\/\/api.w.org\/{rel}","templated":true}]}}