{"id":14739,"date":"2024-12-08T09:44:50","date_gmt":"2024-12-08T09:44:50","guid":{"rendered":"https:\/\/247stiri.ro\/index.php\/2024\/12\/08\/tren-de-calatori-strivit-de-o-bucata-de-stanca-desprinsa-de-pe-munte-traficul-feroviar-pe-ruta-orsova-valea-cernei-grav-afectat-foto\/"},"modified":"2024-12-08T09:44:50","modified_gmt":"2024-12-08T09:44:50","slug":"tren-de-calatori-strivit-de-o-bucata-de-stanca-desprinsa-de-pe-munte-traficul-feroviar-pe-ruta-orsova-valea-cernei-grav-afectat-foto","status":"publish","type":"post","link":"https:\/\/247stiri.ro\/index.php\/2024\/12\/08\/tren-de-calatori-strivit-de-o-bucata-de-stanca-desprinsa-de-pe-munte-traficul-feroviar-pe-ruta-orsova-valea-cernei-grav-afectat-foto\/","title":{"rendered":"Tren de c\u0103l\u0103tori, strivit de o bucat\u0103 de st\u00e2nc\u0103 desprins\u0103 de pe munte. Traficul feroviar pe ruta Or\u015fova-Valea Cernei, grav afectat &#8211; FOTO"},"content":{"rendered":"<p>Pantografele locomotivei au fost rupte \u015fi parbrizul a fost spart. Totodat\u0103, au fost rupte firul de contact \u015fi unul din st\u00e2lpi, f\u0103c\u00e2nd imposibil\u0103 efectuarea circula\u0163iei cu trac\u0163iune electric\u0103.\u00a0\u201e\u00cencep\u00e2nd cu ora 04:50 a fost \u00eentrerupt\u0103 circula\u0163ia trenurilor pe distan\u0163a Or\u015fova \u2013 Valea Cernei, deoarece locomotiva trenului IRN 78 (tren care circul\u0103 pe distan\u0163a Bucure\u015fti Nord \u2013 Curtici, operat de SNTFC CFR C\u0103l\u0103tori SA) a fost avariat\u0103 de o bucat\u0103 de st\u00e2nc\u0103 c\u0103zut\u0103 de pe munte. Ca urmare a acestui incident, pantografele locomotivei au fost rupte \u015fi parbrizul a fost spart\u201d, informeaz\u0103 Compania Na\u0163ional\u0103 de C\u0103i Ferate \u201eCFR\u201d SA.\u00a0\u00a0Totodat\u0103, au fost rupte firul de contact \u015fi unul din st\u00e2lpi, f\u0103c\u00e2nd imposibil\u0103 efectuarea circula\u0163iei cu trac\u0163iune electric\u0103.\u00a0\u00a0\u00a0\u201eA fost \u00eendrumat\u0103 drezina pantograf pentru a verifica situa\u0163ia din teren, pentru a elibera gabaritul \u015fi pentru a restabili circula\u0163ia cu trac\u0163iune electric\u0103. Preciz\u0103m c\u0103, \u00eencep\u00e2nd cu ora 08:15, trenul care sta\u0163iona la intrarea \u00een tunel, la km CF 388+974, a fost retras din linia curent\u0103, remorcat cu o locomotiv\u0103 de ajutor \u015fi garat \u00een sta\u0163ia CF Valea Cernei\u201d, transmit reprezentan\u0163ii CFR SA.\u00a0\u00centre timp, la ora 10:01 s-a reluat circula\u0163ia cu trac\u0163iune diesel, gra\u0163ie personalului feroviar care a ac\u0163ionat \u00een zon\u0103.<\/p>","protected":false},"excerpt":{"rendered":"<p>Pantografele locomotivei au fost rupte \u015fi parbrizul a fost spart. Totodat\u0103, au fost rupte firul&hellip;<\/p>\n","protected":false},"author":0,"featured_media":0,"comment_status":"open","ping_status":"open","sticky":false,"template":"","format":"standard","meta":{"footnotes":""},"categories":[2],"tags":[],"class_list":["post-14739","post","type-post","status-publish","format-standard","hentry","category-actual"],"_links":{"self":[{"href":"https:\/\/247stiri.ro\/index.php\/wp-json\/wp\/v2\/posts\/14739","targetHints":{"allow":["GET"]}}],"collection":[{"href":"https:\/\/247stiri.ro\/index.php\/wp-json\/wp\/v2\/posts"}],"about":[{"href":"https:\/\/247stiri.ro\/index.php\/wp-json\/wp\/v2\/types\/post"}],"replies":[{"embeddable":true,"href":"https:\/\/247stiri.ro\/index.php\/wp-json\/wp\/v2\/comments?post=14739"}],"version-history":[{"count":0,"href":"https:\/\/247stiri.ro\/index.php\/wp-json\/wp\/v2\/posts\/14739\/revisions"}],"wp:attachment":[{"href":"https:\/\/247stiri.ro\/index.php\/wp-json\/wp\/v2\/media?parent=14739"}],"wp:term":[{"taxonomy":"category","embeddable":true,"href":"https:\/\/247stiri.ro\/index.php\/wp-json\/wp\/v2\/categories?post=14739"},{"taxonomy":"post_tag","embeddable":true,"href":"https:\/\/247stiri.ro\/index.php\/wp-json\/wp\/v2\/tags?post=14739"}],"curies":[{"name":"wp","href":"https:\/\/api.w.org\/{rel}","templated":true}]}}