{"id":14750,"date":"2024-12-08T09:44:51","date_gmt":"2024-12-08T09:44:51","guid":{"rendered":"https:\/\/247stiri.ro\/index.php\/2024\/12\/08\/horatiu-potra-am-avut-niste-postari-pro-ruse-declaratiile-halucinante-ale-legionarului-controversat\/"},"modified":"2024-12-08T09:44:51","modified_gmt":"2024-12-08T09:44:51","slug":"horatiu-potra-am-avut-niste-postari-pro-ruse-declaratiile-halucinante-ale-legionarului-controversat","status":"publish","type":"post","link":"https:\/\/247stiri.ro\/index.php\/2024\/12\/08\/horatiu-potra-am-avut-niste-postari-pro-ruse-declaratiile-halucinante-ale-legionarului-controversat\/","title":{"rendered":"Hora\u021biu Potra: &#8222;Am avut ni\u0219te post\u0103ri pro ruse&#8221;. Declara\u021biile halucinante ale legionarului controversat"},"content":{"rendered":"<p>&#8222;\u00cemi asum CV-ul. Nu am f\u0103cut nimic ilegal. Toat\u0103 lumea vorbe\u0219te, to\u021bi au impresia c\u0103 militarii, mercenarii sunt ni\u0219te oameni f\u0103r\u0103 educa\u021bie sau a\u0219a mai departe \u0219i nu m\u0103 sup\u0103r\u0103 deloc. Din ce cauz\u0103? Pentru c\u0103 aceast\u0103 munc\u0103 o fac \u00een domeniul securit\u0103\u021bii de peste 30 de ani. Am reu\u0219it s\u0103 dau de munc\u0103 la foarte mul\u021bi rom\u00e2ni.\u00a0<\/p>\n<p>Aceste informa\u021bii sunt ni\u0219te specula\u021bii \u00e2. Poate se face un pic leg\u0103tura &#8211; \u00een 2016-2017 am fost \u00een Republica Centrafrican\u0103 \u0219i am instruit garda preziden\u021bial\u0103 ca titlu honoriu, adic\u0103 gratis, \u0219i \u00een perioada aceea \u00eenc\u0103 nu era Wagner ajuns. Imediat, pe la mijlocul lui 2017 au intrat. Poate unii fac leg\u0103tura \u0219i spun c\u0103 eram pe fi\u0219ele de plat\u0103 ale Wagner, dar n-am nicio leg\u0103tur\u0103. N-am cunoscut niciodat\u0103 pe nimeni din gruparea Wagenr.\u00a0<\/p>\n<p>Nu neg, au fost ni\u0219te post\u0103ri pro ruse. Nu neap\u0103rat pro ruse, mai bine ar spune pro Rom\u00e2nia. Nu v\u0103de de ce noi ca rom\u00e2ni ne-am implica \u00een conflictul ruso-ucrainean&#8221;, declara Hora\u021biu Potra la un post TV.<\/p>","protected":false},"excerpt":{"rendered":"<p>&#8222;\u00cemi asum CV-ul. Nu am f\u0103cut nimic ilegal. Toat\u0103 lumea vorbe\u0219te, to\u021bi au impresia c\u0103&hellip;<\/p>\n","protected":false},"author":0,"featured_media":14751,"comment_status":"open","ping_status":"open","sticky":false,"template":"","format":"standard","meta":{"footnotes":""},"categories":[2],"tags":[],"class_list":["post-14750","post","type-post","status-publish","format-standard","has-post-thumbnail","hentry","category-actual"],"_links":{"self":[{"href":"https:\/\/247stiri.ro\/index.php\/wp-json\/wp\/v2\/posts\/14750","targetHints":{"allow":["GET"]}}],"collection":[{"href":"https:\/\/247stiri.ro\/index.php\/wp-json\/wp\/v2\/posts"}],"about":[{"href":"https:\/\/247stiri.ro\/index.php\/wp-json\/wp\/v2\/types\/post"}],"replies":[{"embeddable":true,"href":"https:\/\/247stiri.ro\/index.php\/wp-json\/wp\/v2\/comments?post=14750"}],"version-history":[{"count":0,"href":"https:\/\/247stiri.ro\/index.php\/wp-json\/wp\/v2\/posts\/14750\/revisions"}],"wp:featuredmedia":[{"embeddable":true,"href":"https:\/\/247stiri.ro\/index.php\/wp-json\/wp\/v2\/media\/14751"}],"wp:attachment":[{"href":"https:\/\/247stiri.ro\/index.php\/wp-json\/wp\/v2\/media?parent=14750"}],"wp:term":[{"taxonomy":"category","embeddable":true,"href":"https:\/\/247stiri.ro\/index.php\/wp-json\/wp\/v2\/categories?post=14750"},{"taxonomy":"post_tag","embeddable":true,"href":"https:\/\/247stiri.ro\/index.php\/wp-json\/wp\/v2\/tags?post=14750"}],"curies":[{"name":"wp","href":"https:\/\/api.w.org\/{rel}","templated":true}]}}