{"id":14776,"date":"2024-12-08T10:44:51","date_gmt":"2024-12-08T10:44:51","guid":{"rendered":"https:\/\/247stiri.ro\/index.php\/2024\/12\/08\/horatiu-potra-audiat-la-la-sediul-ipj-prahova-seful-mercenarilor-romani-din-legiunea-straina-a-fost-adus-flancat-de-mascati-foto\/"},"modified":"2024-12-08T10:44:51","modified_gmt":"2024-12-08T10:44:51","slug":"horatiu-potra-audiat-la-la-sediul-ipj-prahova-seful-mercenarilor-romani-din-legiunea-straina-a-fost-adus-flancat-de-mascati-foto","status":"publish","type":"post","link":"https:\/\/247stiri.ro\/index.php\/2024\/12\/08\/horatiu-potra-audiat-la-la-sediul-ipj-prahova-seful-mercenarilor-romani-din-legiunea-straina-a-fost-adus-flancat-de-mascati-foto\/","title":{"rendered":"Hora\u021biu Potra, audiat la la sediul IPJ Prahova. \u0218eful mercenarilor rom\u00e2ni din Legiunea Str\u0103in\u0103 a fost adus FLANCAT DE MASCA\u021aI &#8211; FOTO"},"content":{"rendered":"<p>Hora\u021biu Potra a fost depistat \u00een trafic \u00een noaptea de duminic\u0103 spre luni \u00een comuna M\u0103ne\u0219ti, din judetul Prahova. La perchezi\u021bia ma\u0219inilor au fost g\u0103site mai multe arme albe, cu\u021bite, macete, dar \u0219i cozi de topor.<\/p>\n<p>Acesta a fost dus la sediul IPJ duminic\u0103 diminea\u021b\u0103 \u0219i audiat timp de o or\u0103. Tot aici a fost adus \u0219i \u0219oferul acestuia, care se afla la volanul ma\u0219inii \u00een momentul \u00een care poli\u021bia i-a oprit \u00een trafic.<\/p>\n<p><a href=\"https:\/\/www.realitatea.net\/stiri\/actual\/traseul-mercenarilor-albi-fiul-de-18-ani-al-lui-horatiu-potra-oprit-si-el-de-politisti_6755569105d0a5162e4862d2\" target=\"_blank\">Traseul mercenarilor albi. Fiul de 18 ani al lui Hora\u021biu Potra, oprit \u0219i el de poli\u021bi\u0219ti<\/a><\/p>\n<p>\u00centrebat unde mergea \u0219i ce voia s\u0103 fac\u0103 \u00een Capital\u0103, Hora\u021biu Potra le-a r\u0103spuns sec jurnali\u0219tilor, tot cu o \u00eentrebare: &#8222;Nu am voie s\u0103 merg \u00een Capital\u0103?&#8221;<\/p>\n<p>Dup\u0103 audieri, Potra a fost surprins ie\u0219ind din sediul IPJ Prahova flancat de masca\u021bi \u0219i dus la ma\u0219ina cu care acesta inten\u021bionase, ini\u021bial, s\u0103 ajung\u0103 \u00een Bucure\u0219ti, cel mai probabil pentru o nou\u0103 rund\u0103 de perchezi\u021bii. La fa\u021ba locului a fost adus \u0219i un c\u00e2ine poli\u021bist, semn c\u0103 oamenii legii caut\u0103 noi probe.\u00a0<\/p>\n<p><a href=\"https:\/\/www.realitatea.net\/stiri\/actual\/horatiu-potra-am-avut-niste-postari-pro-ruse-declaratiile-halucinante-ale-legionarului-controversat_67555d0635d79a7eaf19f0e2\" target=\"_blank\">Hora\u021biu Potra: &#8222;Am avut ni\u0219te post\u0103ri pro ruse&#8221;. Declara\u021biile halucinante ale legionarului controversat<\/a><\/p>","protected":false},"excerpt":{"rendered":"<p>Hora\u021biu Potra a fost depistat \u00een trafic \u00een noaptea de duminic\u0103 spre luni \u00een comuna&hellip;<\/p>\n","protected":false},"author":0,"featured_media":14777,"comment_status":"open","ping_status":"open","sticky":false,"template":"","format":"standard","meta":{"footnotes":""},"categories":[2],"tags":[],"class_list":["post-14776","post","type-post","status-publish","format-standard","has-post-thumbnail","hentry","category-actual"],"_links":{"self":[{"href":"https:\/\/247stiri.ro\/index.php\/wp-json\/wp\/v2\/posts\/14776","targetHints":{"allow":["GET"]}}],"collection":[{"href":"https:\/\/247stiri.ro\/index.php\/wp-json\/wp\/v2\/posts"}],"about":[{"href":"https:\/\/247stiri.ro\/index.php\/wp-json\/wp\/v2\/types\/post"}],"replies":[{"embeddable":true,"href":"https:\/\/247stiri.ro\/index.php\/wp-json\/wp\/v2\/comments?post=14776"}],"version-history":[{"count":0,"href":"https:\/\/247stiri.ro\/index.php\/wp-json\/wp\/v2\/posts\/14776\/revisions"}],"wp:featuredmedia":[{"embeddable":true,"href":"https:\/\/247stiri.ro\/index.php\/wp-json\/wp\/v2\/media\/14777"}],"wp:attachment":[{"href":"https:\/\/247stiri.ro\/index.php\/wp-json\/wp\/v2\/media?parent=14776"}],"wp:term":[{"taxonomy":"category","embeddable":true,"href":"https:\/\/247stiri.ro\/index.php\/wp-json\/wp\/v2\/categories?post=14776"},{"taxonomy":"post_tag","embeddable":true,"href":"https:\/\/247stiri.ro\/index.php\/wp-json\/wp\/v2\/tags?post=14776"}],"curies":[{"name":"wp","href":"https:\/\/api.w.org\/{rel}","templated":true}]}}