{"id":14780,"date":"2024-12-08T10:44:51","date_gmt":"2024-12-08T10:44:51","guid":{"rendered":"https:\/\/247stiri.ro\/index.php\/2024\/12\/08\/haosul-din-siria-continua-sirienii-au-patruns-in-ambasada-iranului-la-damasc\/"},"modified":"2024-12-08T10:44:51","modified_gmt":"2024-12-08T10:44:51","slug":"haosul-din-siria-continua-sirienii-au-patruns-in-ambasada-iranului-la-damasc","status":"publish","type":"post","link":"https:\/\/247stiri.ro\/index.php\/2024\/12\/08\/haosul-din-siria-continua-sirienii-au-patruns-in-ambasada-iranului-la-damasc\/","title":{"rendered":"Haosul din Siria continu\u0103. Sirienii au p\u0103truns \u00een ambasada Iranului la Damasc"},"content":{"rendered":"<p>Canalul de \u015ftiri Al Arabiya a dat publicit\u0103\u0163ii \u00eenregistr\u0103ri video \u00een care pot fi v\u0103zute mai multe persoane care rup un poster de mari dimensiuni de pe fereastra ambasadei Iranului.Pe poster ap\u0103reau generalul iranian Qassem Soleimani, care a fost ucis \u00een 2020 \u00een Irak \u00eentr-o lovitur\u0103 a unei drone americane, \u015fi Hassan Nasrallah, lider al grup\u0103rii libaneze sus\u0163inute de Iran Hezbollah, ucis \u00een septembrie \u00eentr-o lovitur\u0103 aerian\u0103 israelian\u0103 \u00een apropiere de Beirut.Canalul de \u015ftiri Al Jazeera a relatat c\u0103 personalul ambasadei a fugit \u015fi c\u0103 protestatarii nu au \u00eent\u00e2mpinat rezisten\u0163\u0103.Al\u0103turi de Rusia, Iranul \u015fi mi\u015fcarea Hezbollah au fost principalii alia\u0163i ai guvernului al-Assad. Cu sprijinul lor, guvernul sirian a rec\u00e2\u015ftigat importante teritorii \u00een timpul r\u0103zboiului civil, ceea ce i-a permis lui Assad s\u0103 r\u0103m\u00e2n\u0103 la putere.Pe de alt\u0103 parte, agen\u0163ia rus\u0103 de \u015ftiri TASS a relatat duminic\u0103 c\u0103 ambasada Rusiei din Siria informeaz\u0103 c\u0103 stafful s\u0103u este \u00een siguran\u0163\u0103 dup\u0103 \u00eenl\u0103turarea pre\u015fedintelui Bashar al-Assad \u015fi ocuparea capitalei de c\u0103tre rebeli.&#8221;Suntem bine&#8221;, a declarat un membru al personalului ambasadei pentru TASS, f\u0103r\u0103 a preciza unde se afl\u0103 diploma\u0163ii.Vineri, ambasada Rusiei i-a \u00eendemnat pe cet\u0103\u0163enii ru\u015fi s\u0103 p\u0103r\u0103seasc\u0103 Siria.\u00cen acela\u015fi timp, bloggeri de r\u0103zboi ru\u015fi au exprimat temeri privind soarta a dou\u0103 facilit\u0103\u0163i militare strategice ale Rusiei \u00een Siria.Irakul a anun\u0163at \u015fi el c\u0103 \u015fi-a evacuat ambasada din Siria \u015fi c\u0103 a mutat personalul \u00een Liban, potrivit agen\u0163iei de \u015ftiri de stat a acestei \u0163\u0103ri.Motivele evacu\u0103rii ambasadei Irakului de la Damasc nu au fost f\u0103cute publice, noteaz\u0103 Reuters<\/p>","protected":false},"excerpt":{"rendered":"<p>Canalul de \u015ftiri Al Arabiya a dat publicit\u0103\u0163ii \u00eenregistr\u0103ri video \u00een care pot fi v\u0103zute&hellip;<\/p>\n","protected":false},"author":0,"featured_media":14769,"comment_status":"open","ping_status":"open","sticky":false,"template":"","format":"standard","meta":{"footnotes":""},"categories":[2],"tags":[],"class_list":["post-14780","post","type-post","status-publish","format-standard","has-post-thumbnail","hentry","category-actual"],"_links":{"self":[{"href":"https:\/\/247stiri.ro\/index.php\/wp-json\/wp\/v2\/posts\/14780","targetHints":{"allow":["GET"]}}],"collection":[{"href":"https:\/\/247stiri.ro\/index.php\/wp-json\/wp\/v2\/posts"}],"about":[{"href":"https:\/\/247stiri.ro\/index.php\/wp-json\/wp\/v2\/types\/post"}],"replies":[{"embeddable":true,"href":"https:\/\/247stiri.ro\/index.php\/wp-json\/wp\/v2\/comments?post=14780"}],"version-history":[{"count":0,"href":"https:\/\/247stiri.ro\/index.php\/wp-json\/wp\/v2\/posts\/14780\/revisions"}],"wp:featuredmedia":[{"embeddable":true,"href":"https:\/\/247stiri.ro\/index.php\/wp-json\/wp\/v2\/media\/14769"}],"wp:attachment":[{"href":"https:\/\/247stiri.ro\/index.php\/wp-json\/wp\/v2\/media?parent=14780"}],"wp:term":[{"taxonomy":"category","embeddable":true,"href":"https:\/\/247stiri.ro\/index.php\/wp-json\/wp\/v2\/categories?post=14780"},{"taxonomy":"post_tag","embeddable":true,"href":"https:\/\/247stiri.ro\/index.php\/wp-json\/wp\/v2\/tags?post=14780"}],"curies":[{"name":"wp","href":"https:\/\/api.w.org\/{rel}","templated":true}]}}