{"id":14798,"date":"2024-12-08T11:45:20","date_gmt":"2024-12-08T11:45:20","guid":{"rendered":"https:\/\/247stiri.ro\/index.php\/2024\/12\/08\/doliu-urias-la-consiliul-judetean-iasi-mesajul-transmis-de-institutie\/"},"modified":"2024-12-08T11:45:20","modified_gmt":"2024-12-08T11:45:20","slug":"doliu-urias-la-consiliul-judetean-iasi-mesajul-transmis-de-institutie","status":"publish","type":"post","link":"https:\/\/247stiri.ro\/index.php\/2024\/12\/08\/doliu-urias-la-consiliul-judetean-iasi-mesajul-transmis-de-institutie\/","title":{"rendered":"Doliu URIA\u0218 la Consiliul Jude\u021bean Ia\u0219i. Mesajul transmis de institu\u021bie"},"content":{"rendered":"<p>Ion Serbina, fostul secretar al Consiliului Jude\u021bean Ia\u0219i , s-a stins din via\u021b\u0103. Acesta a fost omul din galeria special\u0103 a vie\u0163ii politice \u015fi administrative post-decembriste a fost secretar general al Consiliului Jude\u0163ean Ia\u015fi, din 1992 \u015fi p\u00e2n\u0103 \u00een luna iunie 2009 c\u00e2nd se pensiona, dup\u0103 38 de ani de administra\u0163ie.\u00a0\u00cen acest interval a lucrat cu 5 pre\u015fedin\u0163i de CJI \u015fi 11 prefec\u0163i! Ion Serbina intra \u00een politic\u0103, \u00een Partidul Conservator (PC), \u00een 2000, \u015fi a fost candidat la \u015fefia CJI!\u00a0\u201eCu profund\u0103 triste\u021be, Consiliul Jude\u021bean Ia\u0219i transmite cele mai sincere condolean\u021be familiei \u0219i celor apropia\u021bi, la vestea trecerii la cele ve\u0219nice a domnului Ion Serbina, fost Secretar General al Jude\u021bului Ia\u0219i, timp de aproape dou\u0103 decenii. A fost un om dedicat, care a contribuit la dezvoltarea jude\u021bului nostru \u0219i la buna func\u021bionare a institu\u021biei. \u00cen aceste momente dificile, g\u00e2ndurile noastre se \u00eendreapt\u0103 c\u0103tre familia \u00eendurerat\u0103. Dumnezeu s\u0103-l odihneasc\u0103 \u00een pace!\u201d, a transmis Consiliul Jude\u021bean Ia\u0219i pe pagina de Facebook.<\/p>","protected":false},"excerpt":{"rendered":"<p>Ion Serbina, fostul secretar al Consiliului Jude\u021bean Ia\u0219i , s-a stins din via\u021b\u0103. Acesta a&hellip;<\/p>\n","protected":false},"author":0,"featured_media":14799,"comment_status":"open","ping_status":"open","sticky":false,"template":"","format":"standard","meta":{"footnotes":""},"categories":[2],"tags":[],"class_list":["post-14798","post","type-post","status-publish","format-standard","has-post-thumbnail","hentry","category-actual"],"_links":{"self":[{"href":"https:\/\/247stiri.ro\/index.php\/wp-json\/wp\/v2\/posts\/14798","targetHints":{"allow":["GET"]}}],"collection":[{"href":"https:\/\/247stiri.ro\/index.php\/wp-json\/wp\/v2\/posts"}],"about":[{"href":"https:\/\/247stiri.ro\/index.php\/wp-json\/wp\/v2\/types\/post"}],"replies":[{"embeddable":true,"href":"https:\/\/247stiri.ro\/index.php\/wp-json\/wp\/v2\/comments?post=14798"}],"version-history":[{"count":0,"href":"https:\/\/247stiri.ro\/index.php\/wp-json\/wp\/v2\/posts\/14798\/revisions"}],"wp:featuredmedia":[{"embeddable":true,"href":"https:\/\/247stiri.ro\/index.php\/wp-json\/wp\/v2\/media\/14799"}],"wp:attachment":[{"href":"https:\/\/247stiri.ro\/index.php\/wp-json\/wp\/v2\/media?parent=14798"}],"wp:term":[{"taxonomy":"category","embeddable":true,"href":"https:\/\/247stiri.ro\/index.php\/wp-json\/wp\/v2\/categories?post=14798"},{"taxonomy":"post_tag","embeddable":true,"href":"https:\/\/247stiri.ro\/index.php\/wp-json\/wp\/v2\/tags?post=14798"}],"curies":[{"name":"wp","href":"https:\/\/api.w.org\/{rel}","templated":true}]}}