{"id":14800,"date":"2024-12-08T11:45:20","date_gmt":"2024-12-08T11:45:20","guid":{"rendered":"https:\/\/247stiri.ro\/index.php\/2024\/12\/08\/scene-socante-pe-o-strada-din-targu-jiu-tanar-lovit-si-taiat-cu-cutitul-de-un-adolescent-de-16-ani\/"},"modified":"2024-12-08T11:45:20","modified_gmt":"2024-12-08T11:45:20","slug":"scene-socante-pe-o-strada-din-targu-jiu-tanar-lovit-si-taiat-cu-cutitul-de-un-adolescent-de-16-ani","status":"publish","type":"post","link":"https:\/\/247stiri.ro\/index.php\/2024\/12\/08\/scene-socante-pe-o-strada-din-targu-jiu-tanar-lovit-si-taiat-cu-cutitul-de-un-adolescent-de-16-ani\/","title":{"rendered":"Scene \u0219ocante, pe o strad\u0103 din T\u00e2rgu Jiu: t\u00e2n\u0103r lovit \u0219i t\u0103iat cu cu\u021bitul de un adolescent de 16 ani"},"content":{"rendered":"<p>Incidentul violent a avut loc \u00een seara zilei de s\u00e2mb\u0103t\u0103, 6 decembrie, dup\u0103 ora 22:00, pe o strad\u0103 din T\u00e2rgu Jiu, unde un conflict spontan a izbucnit \u00eentre un adolescent de 16 ani din comuna D\u0103ne\u015fti, sat Botorogi \u015fi un t\u00e2n\u0103r de 19 ani din municipiul T\u00e2rgu Jiu.<\/p>\n<p>\u00cen timpul scandalului, adolescentul l-a lovit cu pumnul \u015fi a scos un cu\u0163it cu care l-a t\u0103iat pe obraz pe b\u0103rbatul de 19 ani. Acesta s-a refugiat \u00eentr-un taxi, de unde a sunat la 112, cer\u00e2nd ajutor.B\u0103rbatul agresat a mers la spital, pentru tratarea r\u0103nii care nu a fost una grav\u0103.\u00a0<\/p>\n<p>Poli\u0163i\u015ftii i-au adus la cuno\u015ftin\u0163\u0103 victimei c\u0103 \u00een urma agresiunii poate fi \u00eentocmit ordin de protec\u0163ie provizoriu, care s\u0103 \u00eei interzic\u0103 agresorului s\u0103 se apropie, \u00eens\u0103 t\u00e2n\u0103rul de 19 ani a refuzat.<\/p>\n<p>B\u0103iatul de 16 ani a fost re\u0163inut fiind dus \u00een arestul Poli\u0163iei. Pe numele lui a fost deschis dosar penal care vizeaz\u0103 comiterea infrac\u0163iunii de lovire sau alte violen\u0163e.<\/p>","protected":false},"excerpt":{"rendered":"<p>Incidentul violent a avut loc \u00een seara zilei de s\u00e2mb\u0103t\u0103, 6 decembrie, dup\u0103 ora 22:00,&hellip;<\/p>\n","protected":false},"author":0,"featured_media":14801,"comment_status":"open","ping_status":"open","sticky":false,"template":"","format":"standard","meta":{"footnotes":""},"categories":[2],"tags":[],"class_list":["post-14800","post","type-post","status-publish","format-standard","has-post-thumbnail","hentry","category-actual"],"_links":{"self":[{"href":"https:\/\/247stiri.ro\/index.php\/wp-json\/wp\/v2\/posts\/14800","targetHints":{"allow":["GET"]}}],"collection":[{"href":"https:\/\/247stiri.ro\/index.php\/wp-json\/wp\/v2\/posts"}],"about":[{"href":"https:\/\/247stiri.ro\/index.php\/wp-json\/wp\/v2\/types\/post"}],"replies":[{"embeddable":true,"href":"https:\/\/247stiri.ro\/index.php\/wp-json\/wp\/v2\/comments?post=14800"}],"version-history":[{"count":0,"href":"https:\/\/247stiri.ro\/index.php\/wp-json\/wp\/v2\/posts\/14800\/revisions"}],"wp:featuredmedia":[{"embeddable":true,"href":"https:\/\/247stiri.ro\/index.php\/wp-json\/wp\/v2\/media\/14801"}],"wp:attachment":[{"href":"https:\/\/247stiri.ro\/index.php\/wp-json\/wp\/v2\/media?parent=14800"}],"wp:term":[{"taxonomy":"category","embeddable":true,"href":"https:\/\/247stiri.ro\/index.php\/wp-json\/wp\/v2\/categories?post=14800"},{"taxonomy":"post_tag","embeddable":true,"href":"https:\/\/247stiri.ro\/index.php\/wp-json\/wp\/v2\/tags?post=14800"}],"curies":[{"name":"wp","href":"https:\/\/api.w.org\/{rel}","templated":true}]}}