{"id":14802,"date":"2024-12-08T11:45:20","date_gmt":"2024-12-08T11:45:20","guid":{"rendered":"https:\/\/247stiri.ro\/index.php\/2024\/12\/08\/mesajul-premierului-marcel-ciolacu-de-ziua-constitutiei-promisiunea-unui-angajament-ferm-pentru-democratie-si-stabilitate\/"},"modified":"2024-12-08T11:45:20","modified_gmt":"2024-12-08T11:45:20","slug":"mesajul-premierului-marcel-ciolacu-de-ziua-constitutiei-promisiunea-unui-angajament-ferm-pentru-democratie-si-stabilitate","status":"publish","type":"post","link":"https:\/\/247stiri.ro\/index.php\/2024\/12\/08\/mesajul-premierului-marcel-ciolacu-de-ziua-constitutiei-promisiunea-unui-angajament-ferm-pentru-democratie-si-stabilitate\/","title":{"rendered":"Mesajul Premierului Marcel Ciolacu de Ziua Constitu\u021biei: Promisiunea unui angajament ferm pentru democra\u021bie \u0219i stabilitate"},"content":{"rendered":"<p>\u00centr-o perioad\u0103 marcat\u0103 de provoc\u0103ri politice \u0219i sociale, premierul a subliniat importan\u021ba Constitu\u021biei ca fundament al stabilit\u0103\u021bii vie\u021bii politice \u0219i institu\u021bionale din Rom\u00e2nia. \u00cen viziunea sa, Legea fundamental\u0103 nu este doar un document juridic, ci un simbol al unit\u0103\u021bii na\u021bionale \u0219i al echilibrului social. Acesta a eviden\u021biat c\u0103, \u00een contextul actual, respectarea principiilor constitu\u021bionale este esen\u021bial\u0103 pentru men\u021binerea p\u0103cii \u0219i coeziunii sociale, dar \u0219i pentru consolidarea parcursului european \u0219i euroatlantic al \u021b\u0103rii.<\/p>\n<p>\u201eDe Ziua Constitu\u021biei, reafirm angajamentul Guvernului pentru promovarea principiilor constitu\u021bionale \u0219i pentru sus\u021binerea arhitecturii institu\u021bionale care s\u0103 garanteze respectarea Legii fundamentale.<\/p>\n<p>Ast\u0103zi, cu at\u00e2t mai mult, Legea fundamental\u0103 r\u0103m\u00e2ne garantul stabilit\u0103\u021bii vie\u021bii politice \u0219i institu\u021bionale, echilibrului p\u0103cii sociale a na\u021biunii \u0219i men\u021binerii drumului nostru european \u0219i euroatlantic.<\/p>\n<p>Rom\u00e2nii \u0219i Rom\u00e2nia au nevoie de legi \u0219i institu\u021bii puternice pentru a-\u0219i ap\u0103ra libertatea, pacea \u0219i viitorul!\u201d, a transmis premierul Rom\u00e2niei.<\/p>\n<p><a title=\"Marcel Ciolacu, despre decizia CCR: Este singura solutie corecta dupa desecretizarea documentelor din sedinta CSAT \" href=\"https:\/\/www.realitatea.net\/stiri\/politica\/marcel-ciolacud-espre-decizia-ccr-este-singura-solutie-corecta-dupa-desecretizarea-documentelor-din-sedinta-csat_6752ffab9cced7266e060672\">Marcel Ciolacu, despre decizia CCR: Este singura solu\u021bie corect\u0103 dup\u0103 desecretizarea documentelor din \u0219edin\u021ba CSAT<\/a><\/p>","protected":false},"excerpt":{"rendered":"<p>\u00centr-o perioad\u0103 marcat\u0103 de provoc\u0103ri politice \u0219i sociale, premierul a subliniat importan\u021ba Constitu\u021biei ca fundament&hellip;<\/p>\n","protected":false},"author":0,"featured_media":14794,"comment_status":"open","ping_status":"open","sticky":false,"template":"","format":"standard","meta":{"footnotes":""},"categories":[2],"tags":[],"class_list":["post-14802","post","type-post","status-publish","format-standard","has-post-thumbnail","hentry","category-actual"],"_links":{"self":[{"href":"https:\/\/247stiri.ro\/index.php\/wp-json\/wp\/v2\/posts\/14802","targetHints":{"allow":["GET"]}}],"collection":[{"href":"https:\/\/247stiri.ro\/index.php\/wp-json\/wp\/v2\/posts"}],"about":[{"href":"https:\/\/247stiri.ro\/index.php\/wp-json\/wp\/v2\/types\/post"}],"replies":[{"embeddable":true,"href":"https:\/\/247stiri.ro\/index.php\/wp-json\/wp\/v2\/comments?post=14802"}],"version-history":[{"count":0,"href":"https:\/\/247stiri.ro\/index.php\/wp-json\/wp\/v2\/posts\/14802\/revisions"}],"wp:featuredmedia":[{"embeddable":true,"href":"https:\/\/247stiri.ro\/index.php\/wp-json\/wp\/v2\/media\/14794"}],"wp:attachment":[{"href":"https:\/\/247stiri.ro\/index.php\/wp-json\/wp\/v2\/media?parent=14802"}],"wp:term":[{"taxonomy":"category","embeddable":true,"href":"https:\/\/247stiri.ro\/index.php\/wp-json\/wp\/v2\/categories?post=14802"},{"taxonomy":"post_tag","embeddable":true,"href":"https:\/\/247stiri.ro\/index.php\/wp-json\/wp\/v2\/tags?post=14802"}],"curies":[{"name":"wp","href":"https:\/\/api.w.org\/{rel}","templated":true}]}}