{"id":14804,"date":"2024-12-08T11:45:21","date_gmt":"2024-12-08T11:45:21","guid":{"rendered":"https:\/\/247stiri.ro\/index.php\/2024\/12\/08\/urmarile-exploziei-din-blocul-de-la-bacau-25-dintre-persoanele-evacuate-mutate-la-baza-letea-alte-14-merg-la-rude\/"},"modified":"2024-12-08T11:45:21","modified_gmt":"2024-12-08T11:45:21","slug":"urmarile-exploziei-din-blocul-de-la-bacau-25-dintre-persoanele-evacuate-mutate-la-baza-letea-alte-14-merg-la-rude","status":"publish","type":"post","link":"https:\/\/247stiri.ro\/index.php\/2024\/12\/08\/urmarile-exploziei-din-blocul-de-la-bacau-25-dintre-persoanele-evacuate-mutate-la-baza-letea-alte-14-merg-la-rude\/","title":{"rendered":"Urm\u0103rile exploziei din blocul de la Bac\u0103u: 25 dintre persoanele evacuate, mutate la Baza Letea, alte 14 merg la rude"},"content":{"rendered":"<p>&#8222;La Baza Letea vor fi transporta\u0163i \u015fi caza\u0163i 24 de adul\u0163i \u015fi un minor, cu microbuzul alocat de ISU Bac\u0103u. Trei persoane vor fi cazate la un centru de \u00eengrijire pentru persoane v\u00e2rstnice iar 14 persoane au declarat c\u0103 vor sta la apar\u0163in\u0103tori sau rude&#8221;, a precizat purt\u0103torul de cuv\u00e2nt al ISU Bac\u0103u, locotenent-colonelul Andrei Grecu.<\/p>\n<p>Prefectul jude\u0163ului Bac\u0103u a dispus constituirea unei comisii de evaluare a pagubelor \u015fi \u00eentrunirea Grupului de Suport Tehnic pentru gestionarea situa\u0163iilor de urgen\u0163\u0103 generate de pr\u0103bu\u015firi de construc\u0163ii, instala\u0163ii sau amenaj\u0103ri.<\/p>\n<p>Reamintim c\u0103 un b\u0103rbat a fost grav r\u0103nit \u00een urma unei explozii care s-a produs, duminic\u0103, \u00een jurul orei 5,00, \u00eentr-un bloc din municipiul Bac\u0103u.<\/p>\n<p>&#8222;Sosi\u0163i la fa\u0163a locului, militarii au constatat c\u0103 explozia, neurmat\u0103 de incendiu, s-a produs la etajul al doilea al unui bloc de locuin\u0163e de tip parter plus 4 etaje, iar elemente structurale s-au desprins peste o persoan\u0103&#8221;, a precizat purt\u0103torul de cuv\u00e2nt al ISU Bac\u0103u.<\/p>\n<p>Victima, un b\u0103rbat \u00een v\u00e2rst\u0103 de 63 de ani, a fost extras\u0103 de pompieri de sub d\u0103r\u00e2m\u0103turi \u015fi predat\u0103 echipajelor medicale sosite la fa\u0163a locului. B\u0103rbatul a suferit arsuri de gradele unu \u015fi doi pe circa 60% din suprafa\u0163a corporal\u0103 dar \u015fi multiple traumatisme, fiind transportat la Unitatea de Primiri Urgen\u0163e.<\/p>\n<p>De asemenea, o persoan\u0103 care a suferit atac de panic\u0103 a fost transportat\u0103 la spital.<\/p>","protected":false},"excerpt":{"rendered":"<p>&#8222;La Baza Letea vor fi transporta\u0163i \u015fi caza\u0163i 24 de adul\u0163i \u015fi un minor, cu&hellip;<\/p>\n","protected":false},"author":0,"featured_media":14805,"comment_status":"open","ping_status":"open","sticky":false,"template":"","format":"standard","meta":{"footnotes":""},"categories":[2],"tags":[],"class_list":["post-14804","post","type-post","status-publish","format-standard","has-post-thumbnail","hentry","category-actual"],"_links":{"self":[{"href":"https:\/\/247stiri.ro\/index.php\/wp-json\/wp\/v2\/posts\/14804","targetHints":{"allow":["GET"]}}],"collection":[{"href":"https:\/\/247stiri.ro\/index.php\/wp-json\/wp\/v2\/posts"}],"about":[{"href":"https:\/\/247stiri.ro\/index.php\/wp-json\/wp\/v2\/types\/post"}],"replies":[{"embeddable":true,"href":"https:\/\/247stiri.ro\/index.php\/wp-json\/wp\/v2\/comments?post=14804"}],"version-history":[{"count":0,"href":"https:\/\/247stiri.ro\/index.php\/wp-json\/wp\/v2\/posts\/14804\/revisions"}],"wp:featuredmedia":[{"embeddable":true,"href":"https:\/\/247stiri.ro\/index.php\/wp-json\/wp\/v2\/media\/14805"}],"wp:attachment":[{"href":"https:\/\/247stiri.ro\/index.php\/wp-json\/wp\/v2\/media?parent=14804"}],"wp:term":[{"taxonomy":"category","embeddable":true,"href":"https:\/\/247stiri.ro\/index.php\/wp-json\/wp\/v2\/categories?post=14804"},{"taxonomy":"post_tag","embeddable":true,"href":"https:\/\/247stiri.ro\/index.php\/wp-json\/wp\/v2\/tags?post=14804"}],"curies":[{"name":"wp","href":"https:\/\/api.w.org\/{rel}","templated":true}]}}