{"id":14819,"date":"2024-12-08T12:45:39","date_gmt":"2024-12-08T12:45:39","guid":{"rendered":"https:\/\/247stiri.ro\/index.php\/2024\/12\/08\/george-simion-despre-o-eventuala-candidatura-a-lui-nicusor-dan-la-presedintie-ar-fi-un-tradator-in-primul-rand-un-tradator-al-bucurestenilor-care-l-au-votat\/"},"modified":"2024-12-08T12:45:39","modified_gmt":"2024-12-08T12:45:39","slug":"george-simion-despre-o-eventuala-candidatura-a-lui-nicusor-dan-la-presedintie-ar-fi-un-tradator-in-primul-rand-un-tradator-al-bucurestenilor-care-l-au-votat","status":"publish","type":"post","link":"https:\/\/247stiri.ro\/index.php\/2024\/12\/08\/george-simion-despre-o-eventuala-candidatura-a-lui-nicusor-dan-la-presedintie-ar-fi-un-tradator-in-primul-rand-un-tradator-al-bucurestenilor-care-l-au-votat\/","title":{"rendered":"George Simion, despre o eventual\u0103 candidatur\u0103 a lui Nicu\u015for Dan la pre\u015fedin\u0163ie: Ar fi un tr\u0103d\u0103tor, \u00een primul r\u00e2nd un tr\u0103d\u0103tor al bucure\u015ftenilor care l-au votat"},"content":{"rendered":"<p>\u201eCe p\u0103rere pot s\u0103 am despre Nicu\u015for Dan \u00een momentul \u00een care el minte bucure\u015ftenii c\u0103-l intereseaz\u0103 soarta lor \u015fi vrea s\u0103-i tr\u0103deze, vrea s\u0103-i umileasc\u0103, nu a f\u0103cut nimic patru ani pentru soarta lor, le-a mai cerut \u00a0dat\u0103 votul \u015fi acum, ca un tr\u0103d\u0103tor, \u00eempreun\u0103 cu Klaus Iohannis, vrea s\u0103 ocupe func\u0163ia de pre\u015fedinte. Este total ilogic. \u00cen opinia mea, dac\u0103 face acest gest, Nicu\u015for Dan este un tr\u0103d\u0103tor, \u00een primul r\u00e2nd un tr\u0103d\u0103tor al bucure\u015ftenilor care l-au votat \u015fi sper din suflet ca s\u0103 fie rezonabil \u015fi s\u0103 fac\u0103 ceva \u00een Bucure\u015ftiul \u0103sta\u201d, a declarat jurnali\u015ftilor, duminic\u0103, George Simion, \u00eentrebat ce p\u0103rere are despre o eventual\u0103 candidatur\u0103 a primarului Bucure\u015ftiului la pre\u015fedin\u0163ia Rom\u00e2niei.<\/p>\n<p>El l-a criticat pe edilul Capitalei, spun\u00e2nd c\u0103 de\u015fi acesta \u015fi-a preluat mandatul de mai multe luni, bucure\u015ftenii\u201e nu au ap\u0103 \u015fi c\u0103ldur\u0103 \u00een case\u201d.<\/p>\n<p>\u201eSper at\u00e2tea luni de c\u00e2nd \u015fi-a preluat mandatul, oamenii, \u00een continuare, nu au ap\u0103, nu au c\u0103ldur\u0103 \u00een case \u015fi el se g\u00e2nde\u015fte s\u0103 fie pre\u015fedinte\u201d, a ad\u0103ugat George Simion.<\/p>\n<p>Coali\u0163ia Rom\u00e2nia European\u0103, format\u0103 din mai multe personalit\u0103\u0163i \u015fi asocia\u0163ii civice, propune sus\u0163inerea comun\u0103 de c\u0103tre partidele democratice pro-Vest \u015fi societatea civil\u0103 a primarului Nicu\u015for Dan drept candidat independent pentru alegerile preziden\u0163iale din 2025. Primarul Capitalei, Nicu\u015for Dan, a declarat s\u00e2mb\u0103t\u0103, referitor la aceast\u0103 propunere, c\u0103 analiza abia \u00eencepe \u00een momentul acesta \u015fi nu e la nivel de persoane, ci e la nivel de toate partidele pro-europene, el ar\u0103t\u00e2nd c\u0103 este o chestiune foarte serioas\u0103.<\/p>\n<p>\u00a0<\/p>","protected":false},"excerpt":{"rendered":"<p>\u201eCe p\u0103rere pot s\u0103 am despre Nicu\u015for Dan \u00een momentul \u00een care el minte bucure\u015ftenii&hellip;<\/p>\n","protected":false},"author":0,"featured_media":14820,"comment_status":"open","ping_status":"open","sticky":false,"template":"","format":"standard","meta":{"footnotes":""},"categories":[3],"tags":[],"class_list":["post-14819","post","type-post","status-publish","format-standard","has-post-thumbnail","hentry","category-politica"],"_links":{"self":[{"href":"https:\/\/247stiri.ro\/index.php\/wp-json\/wp\/v2\/posts\/14819","targetHints":{"allow":["GET"]}}],"collection":[{"href":"https:\/\/247stiri.ro\/index.php\/wp-json\/wp\/v2\/posts"}],"about":[{"href":"https:\/\/247stiri.ro\/index.php\/wp-json\/wp\/v2\/types\/post"}],"replies":[{"embeddable":true,"href":"https:\/\/247stiri.ro\/index.php\/wp-json\/wp\/v2\/comments?post=14819"}],"version-history":[{"count":0,"href":"https:\/\/247stiri.ro\/index.php\/wp-json\/wp\/v2\/posts\/14819\/revisions"}],"wp:featuredmedia":[{"embeddable":true,"href":"https:\/\/247stiri.ro\/index.php\/wp-json\/wp\/v2\/media\/14820"}],"wp:attachment":[{"href":"https:\/\/247stiri.ro\/index.php\/wp-json\/wp\/v2\/media?parent=14819"}],"wp:term":[{"taxonomy":"category","embeddable":true,"href":"https:\/\/247stiri.ro\/index.php\/wp-json\/wp\/v2\/categories?post=14819"},{"taxonomy":"post_tag","embeddable":true,"href":"https:\/\/247stiri.ro\/index.php\/wp-json\/wp\/v2\/tags?post=14819"}],"curies":[{"name":"wp","href":"https:\/\/api.w.org\/{rel}","templated":true}]}}