{"id":14825,"date":"2024-12-08T12:45:40","date_gmt":"2024-12-08T12:45:40","guid":{"rendered":"https:\/\/247stiri.ro\/index.php\/2024\/12\/08\/numarul-barbatilor-sub-40-de-ani-care-sufera-avc-uri-creste-expertii-dezvaluie-motivul-alarmant\/"},"modified":"2024-12-08T12:45:40","modified_gmt":"2024-12-08T12:45:40","slug":"numarul-barbatilor-sub-40-de-ani-care-sufera-avc-uri-creste-expertii-dezvaluie-motivul-alarmant","status":"publish","type":"post","link":"https:\/\/247stiri.ro\/index.php\/2024\/12\/08\/numarul-barbatilor-sub-40-de-ani-care-sufera-avc-uri-creste-expertii-dezvaluie-motivul-alarmant\/","title":{"rendered":"Num\u0103rul b\u0103rba\u021bilor sub 40 de ani care sufer\u0103 AVC-uri cre\u0219te. Exper\u021bii dezv\u0103luie motivul alarmant"},"content":{"rendered":"<p>Potrivit unei analize publicate de un site interna\u021bional de \u0219tiri, cauzele principale ar fi m\u00e2ncarea nes\u0103n\u0103toas\u0103, cre\u0219terea cantit\u0103\u021bii de alcool consumate dar \u0219i via\u021ba stresant\u0103 pe care o tr\u0103iesc majoritatea. Potrivit studiului realizat de Institutului Na\u021bional de S\u0103n\u0103tate din Marea Britanie (NHS), cei mai viza\u021bi sunt b\u0103rba\u021bii cu v\u00e2rste sub 39 de ani.<\/p>\n<p>\u00cen compara\u021bie cu b\u0103rba\u021bii, avc-urile \u00een r\u00e2ndul femeilor a crescut doar cu 1%.<\/p>\n<p>\u00cen perioada lui 2005, b\u0103rba\u021bii cu v\u00e2rste sub 39 de ani reprezentau 52,8% din\u00a0cazurile de AVC, \u00een timp ce femeile, 47,2%. Anul acesta, balan\u021ba s-a \u00eenclinat masiv c\u0103tre b\u0103rba\u021bi, care reprezint\u0103 dou\u0103 treimi din cazuri, \u00een timp ce femeile au cobor\u00e2t u\u0219or c\u0103tre 42,3%.<\/p>\n<p>Acum c\u00e2teva s\u0103pt\u0103m\u00e2ni, NHS avertiza cu privire la cre\u0219terea cazurilor de atacuri cerebrale \u00een r\u00e2ndul persoanelor sub 50 de ani. Num\u0103rul de oameni \u00eentre 50-59 de ani care au suferit aceste atacuri a crescut cu 55% \u00een ultimii 20 de ani.<\/p>\n<p>Problema apare atunci c\u00e2nd alimentarea cu s\u00e2nge a creierului este \u00eentrerupt\u0103, ucig\u00e2nd celulele creierului. Asta poate duce la dizabilit\u0103\u021bi pe termen lung \u0219i poate afecta modul \u00een care oamenii g\u00e2ndesc \u0219i simt.<\/p>\n<p>Cite\u0219te continuarea <a href=\"https:\/\/adevarul.ro\/stil-de-viata\/viata-sanatoasa\/numarul-barbatilor-sub-40-de-ani-care-sufera-2407101.html\" target=\"_blank\">aici<\/a>.<\/p>","protected":false},"excerpt":{"rendered":"<p>Potrivit unei analize publicate de un site interna\u021bional de \u0219tiri, cauzele principale ar fi m\u00e2ncarea&hellip;<\/p>\n","protected":false},"author":0,"featured_media":14788,"comment_status":"open","ping_status":"open","sticky":false,"template":"","format":"standard","meta":{"footnotes":""},"categories":[2],"tags":[],"class_list":["post-14825","post","type-post","status-publish","format-standard","has-post-thumbnail","hentry","category-actual"],"_links":{"self":[{"href":"https:\/\/247stiri.ro\/index.php\/wp-json\/wp\/v2\/posts\/14825","targetHints":{"allow":["GET"]}}],"collection":[{"href":"https:\/\/247stiri.ro\/index.php\/wp-json\/wp\/v2\/posts"}],"about":[{"href":"https:\/\/247stiri.ro\/index.php\/wp-json\/wp\/v2\/types\/post"}],"replies":[{"embeddable":true,"href":"https:\/\/247stiri.ro\/index.php\/wp-json\/wp\/v2\/comments?post=14825"}],"version-history":[{"count":0,"href":"https:\/\/247stiri.ro\/index.php\/wp-json\/wp\/v2\/posts\/14825\/revisions"}],"wp:featuredmedia":[{"embeddable":true,"href":"https:\/\/247stiri.ro\/index.php\/wp-json\/wp\/v2\/media\/14788"}],"wp:attachment":[{"href":"https:\/\/247stiri.ro\/index.php\/wp-json\/wp\/v2\/media?parent=14825"}],"wp:term":[{"taxonomy":"category","embeddable":true,"href":"https:\/\/247stiri.ro\/index.php\/wp-json\/wp\/v2\/categories?post=14825"},{"taxonomy":"post_tag","embeddable":true,"href":"https:\/\/247stiri.ro\/index.php\/wp-json\/wp\/v2\/tags?post=14825"}],"curies":[{"name":"wp","href":"https:\/\/api.w.org\/{rel}","templated":true}]}}