{"id":1491,"date":"2024-10-24T10:58:32","date_gmt":"2024-10-24T10:58:32","guid":{"rendered":"https:\/\/247stiri.ro\/index.php\/2024\/10\/24\/barbat-injunghiat-mortal-in-parcarea-unui-mall-din-constanta-agresorii-s-au-napustit-asupra-lui-si-l-au-facut-una-cu-pamantul\/"},"modified":"2024-10-24T10:58:32","modified_gmt":"2024-10-24T10:58:32","slug":"barbat-injunghiat-mortal-in-parcarea-unui-mall-din-constanta-agresorii-s-au-napustit-asupra-lui-si-l-au-facut-una-cu-pamantul","status":"publish","type":"post","link":"https:\/\/247stiri.ro\/index.php\/2024\/10\/24\/barbat-injunghiat-mortal-in-parcarea-unui-mall-din-constanta-agresorii-s-au-napustit-asupra-lui-si-l-au-facut-una-cu-pamantul\/","title":{"rendered":"B\u0103rbat \u00eenjunghiat mortal, \u00een parcarea unui mall din Constan\u021ba. Agresorii s-au n\u0103pustit asupra lui \u0219i l-au f\u0103cut una cu p\u0103m\u00e2ntul!"},"content":{"rendered":"<p>Mai multe ma\u0219ini de poli\u021bie au intervenit \u00een parcarea de la METRO unde doi dintre suspec\u021bi au fost re\u021binu\u021bi de c\u0103tre oamenii legii. Ace\u0219tia au p\u0103r\u0103sit locul faptei, dar au fost g\u0103si\u021bi de Poli\u021bie!\u00a0<\/p>\n<p>Potrivit IPJ Constan\u021ba, cercetarea la fa\u021ba locului este \u00een curs de desf\u0103\u0219urare, \u00een vederea stabilirii tuturor \u00eemprejur\u0103rilor producerii evenimentului.\u00a0<\/p>\n<p>Oficial de la IPJ Constan\u021ba\u00a0<\/p>\n<p>La data de 24.10.2024, \u00een jurul orei 11.55, poli\u021bi\u0219tii Poli\u021biei Municipiului Constan\u021ba au fost sesiza\u021bi cu privire la faptul c\u0103 un b\u0103rbat ar fi fost agresat fizic, de mai multe persoane, cu un obiect t\u0103ietor-\u00een\u021bep\u0103tor, \u00een parcarea subteran\u0103 a unui mall.<\/p>\n<p>Ulterior, persoanele b\u0103nuite de comiterea faptei ar fi p\u0103r\u0103sit zona.<\/p>\n<p>La fa\u021ba locului au fost dirijate mai multe patrulele de pe raza municipiului Constan\u021ba, la scurt timp persoanele b\u0103nuite de comiterea faptei fiind identificate.<\/p>\n<p>Acestea se afl\u0103 acum \u00een custodia poli\u021bi\u0219tilor, relateaz\u0103 presa local\u0103.<\/p>\n<p>Cercetarea la fa\u021ba locului este \u00een curs de desf\u0103\u0219urare, \u00een vederea stabilirii tuturor \u00eemprejur\u0103rilor producerii evenimentului.<\/p>","protected":false},"excerpt":{"rendered":"<p>Mai multe ma\u0219ini de poli\u021bie au intervenit \u00een parcarea de la METRO unde doi dintre&hellip;<\/p>\n","protected":false},"author":0,"featured_media":1492,"comment_status":"open","ping_status":"open","sticky":false,"template":"","format":"standard","meta":{"footnotes":""},"categories":[2],"tags":[],"class_list":["post-1491","post","type-post","status-publish","format-standard","has-post-thumbnail","hentry","category-actual"],"_links":{"self":[{"href":"https:\/\/247stiri.ro\/index.php\/wp-json\/wp\/v2\/posts\/1491","targetHints":{"allow":["GET"]}}],"collection":[{"href":"https:\/\/247stiri.ro\/index.php\/wp-json\/wp\/v2\/posts"}],"about":[{"href":"https:\/\/247stiri.ro\/index.php\/wp-json\/wp\/v2\/types\/post"}],"replies":[{"embeddable":true,"href":"https:\/\/247stiri.ro\/index.php\/wp-json\/wp\/v2\/comments?post=1491"}],"version-history":[{"count":0,"href":"https:\/\/247stiri.ro\/index.php\/wp-json\/wp\/v2\/posts\/1491\/revisions"}],"wp:featuredmedia":[{"embeddable":true,"href":"https:\/\/247stiri.ro\/index.php\/wp-json\/wp\/v2\/media\/1492"}],"wp:attachment":[{"href":"https:\/\/247stiri.ro\/index.php\/wp-json\/wp\/v2\/media?parent=1491"}],"wp:term":[{"taxonomy":"category","embeddable":true,"href":"https:\/\/247stiri.ro\/index.php\/wp-json\/wp\/v2\/categories?post=1491"},{"taxonomy":"post_tag","embeddable":true,"href":"https:\/\/247stiri.ro\/index.php\/wp-json\/wp\/v2\/tags?post=1491"}],"curies":[{"name":"wp","href":"https:\/\/api.w.org\/{rel}","templated":true}]}}