{"id":1493,"date":"2024-10-24T10:58:32","date_gmt":"2024-10-24T10:58:32","guid":{"rendered":"https:\/\/247stiri.ro\/index.php\/2024\/10\/24\/monica-macovei-la-un-pas-de-a-scapa-de-inchisoare-decizie-in-cazul-accidentului-in-urma-caruia-un-motociclist-a-suferit-rani-grave\/"},"modified":"2024-10-24T10:58:32","modified_gmt":"2024-10-24T10:58:32","slug":"monica-macovei-la-un-pas-de-a-scapa-de-inchisoare-decizie-in-cazul-accidentului-in-urma-caruia-un-motociclist-a-suferit-rani-grave","status":"publish","type":"post","link":"https:\/\/247stiri.ro\/index.php\/2024\/10\/24\/monica-macovei-la-un-pas-de-a-scapa-de-inchisoare-decizie-in-cazul-accidentului-in-urma-caruia-un-motociclist-a-suferit-rani-grave\/","title":{"rendered":"Monica Macovei, la un pas de a sc\u0103pa de \u00eenchisoare! Decizie \u00een cazul accidentului \u00een urma c\u0103ruia un motociclist a suferit r\u0103ni grave"},"content":{"rendered":"<p>Monica Macovei a fost condamnat\u0103 la \u0219ase luni de \u00eenchisoare cu suspendare de magistra\u021bii din cadrul Judec\u0103toriei Mangalia. Fostul ministru al Justi\u021biei a fost trimis \u00een judecat\u0103 sub aspectul s\u0103v\u00e2r\u0219irii infrac\u021biunii de v\u0103t\u0103mare corporal\u0103 din culp\u0103.<\/p>\n<p>\u00cen octombrie 2022, fostul ministru a intrat pe contrasens \u0219i a lovit un motociclist. B\u0103rbatul a ajuns \u00een stare grav\u0103 la spital, unde a r\u0103mas internat 120 de zile.<\/p>\n<p>\u201eAst\u0103zi am venit s\u0103-mi sus\u021bin cauza, pentru c\u0103 nu mi se pare normal s\u0103 primeasc\u0103 o pedeaps\u0103 a\u0219a cum a cerut-o, o pedeaps\u0103 cu amend\u0103, dup\u0103 ce la doi ani de zile uita\u021bi-m\u0103 cum sunt \u0219i nu am nicio speran\u021b\u0103 de a m\u0103 face mai bine. \u0218i urm\u0103rile&#8230;\u201d, a declarat motociclistul.<\/p>\n<p>Judec\u0103torii de la Curtea de Apel Constan\u021ba sunt a\u0219tepta\u021bi s\u0103 ia o decizie definitiv\u0103 \u00een acest caz la doi ani de la producerea accidentului.\u00a0<\/p>\n<p><a href=\"https:\/\/www.realitatea.net\/stiri\/actual\/fost-judecator-monica-macovei-isi-infiltra-oamenii-in-arhiva-sipa-fosta-zeita-a-justitiei-ar-fi-facut-copii-de-pe-documentecheie_66a9ff404bcae437ac54ef79\" target=\"_blank\" rel=\"noopener\">Fost judec\u0103tor: \u201eMonica Macovei \u00ee\u0219i infiltra oamenii \u00een arhiva SIPA\u201d. Fosta zei\u021b\u0103 a justi\u021biei ar fi f\u0103cut copii de pe documente-cheie<\/a><\/p>","protected":false},"excerpt":{"rendered":"<p>Monica Macovei a fost condamnat\u0103 la \u0219ase luni de \u00eenchisoare cu suspendare de magistra\u021bii din&hellip;<\/p>\n","protected":false},"author":0,"featured_media":1494,"comment_status":"open","ping_status":"open","sticky":false,"template":"","format":"standard","meta":{"footnotes":""},"categories":[2],"tags":[],"class_list":["post-1493","post","type-post","status-publish","format-standard","has-post-thumbnail","hentry","category-actual"],"_links":{"self":[{"href":"https:\/\/247stiri.ro\/index.php\/wp-json\/wp\/v2\/posts\/1493","targetHints":{"allow":["GET"]}}],"collection":[{"href":"https:\/\/247stiri.ro\/index.php\/wp-json\/wp\/v2\/posts"}],"about":[{"href":"https:\/\/247stiri.ro\/index.php\/wp-json\/wp\/v2\/types\/post"}],"replies":[{"embeddable":true,"href":"https:\/\/247stiri.ro\/index.php\/wp-json\/wp\/v2\/comments?post=1493"}],"version-history":[{"count":0,"href":"https:\/\/247stiri.ro\/index.php\/wp-json\/wp\/v2\/posts\/1493\/revisions"}],"wp:featuredmedia":[{"embeddable":true,"href":"https:\/\/247stiri.ro\/index.php\/wp-json\/wp\/v2\/media\/1494"}],"wp:attachment":[{"href":"https:\/\/247stiri.ro\/index.php\/wp-json\/wp\/v2\/media?parent=1493"}],"wp:term":[{"taxonomy":"category","embeddable":true,"href":"https:\/\/247stiri.ro\/index.php\/wp-json\/wp\/v2\/categories?post=1493"},{"taxonomy":"post_tag","embeddable":true,"href":"https:\/\/247stiri.ro\/index.php\/wp-json\/wp\/v2\/tags?post=1493"}],"curies":[{"name":"wp","href":"https:\/\/api.w.org\/{rel}","templated":true}]}}