{"id":14947,"date":"2024-12-08T19:44:58","date_gmt":"2024-12-08T19:44:58","guid":{"rendered":"https:\/\/247stiri.ro\/index.php\/2024\/12\/08\/onu-guterres-saluta-caderea-regimului-dictatorial-al-lui-al-assad-si-cere-protejarea-drepturilor-tuturor-sirienilor\/"},"modified":"2024-12-08T19:44:58","modified_gmt":"2024-12-08T19:44:58","slug":"onu-guterres-saluta-caderea-regimului-dictatorial-al-lui-al-assad-si-cere-protejarea-drepturilor-tuturor-sirienilor","status":"publish","type":"post","link":"https:\/\/247stiri.ro\/index.php\/2024\/12\/08\/onu-guterres-saluta-caderea-regimului-dictatorial-al-lui-al-assad-si-cere-protejarea-drepturilor-tuturor-sirienilor\/","title":{"rendered":"ONU: Guterres salut\u0103 &#8216;c\u0103derea regimului dictatorial&#8217; al lui al-Assad \u015fi cere protejarea &#8216;drepturilor tuturor sirienilor&#8217;"},"content":{"rendered":"<p>\u201eDup\u0103 (aproape) 14 ani de r\u0103zboi brutal \u015fi c\u0103derea regimului dictatorial, poporul sirian poate ast\u0103zi s\u0103 profite de o ocazie istoric\u0103 de a construi un viitor pa\u015fnic \u015fi stabil&#8221;, a declarat Guterres \u00eentr-un comunicat.<\/p>\n<p>&#8222;\u00cemi reiterez apelul la calm \u015fi la evitarea violen\u0163ei \u00een aceast\u0103 perioad\u0103 sensibil\u0103, cu protejarea drepturilor tuturor sirienilor, f\u0103r\u0103 deosebire&#8221;, a ad\u0103ugat el.<\/p>\n<p>Secretarul general al ONU a mai afirmat c\u0103 &#8222;sirienilor le revine s\u0103 decid\u0103 viitorul Siriei&#8221;, \u015fi a chemat comunitatea interna\u0163ional\u0103 s\u0103 sprijine o tranzi\u0163ie politic\u0103 &#8222;incluziv\u0103 \u015fi global\u0103&#8221; \u015fi care &#8222;s\u0103 r\u0103spund\u0103 aspira\u0163iilor legitime ale poporului sirian, \u00een toat\u0103 diversitatea sa&#8221;.<\/p>\n<p>&#8222;Suveranitatea, unitatea, independen\u0163a \u015fi integritatea teritorial\u0103 ale Siriei trebuie restabilite&#8221;, a subliniat Guterres, chem\u00e2nd de asemenea la respectarea sediilor \u015fi personalului ambasadelor \u015fi consulatelor str\u0103ine.<\/p>\n<p>Ambasada Iranului, stat aliat al lui Bashar al-Assad, a fost vandalizat\u0103 la Damasc, a constat duminic\u0103 un fotograf al AFP.<\/p>\n<p>Rebelii condu\u015fi de islami\u015fti radicali au intrat duminic\u0103 \u00een Damasc dup\u0103 o ofensiv\u0103 fulger\u0103toare, provoc\u00e2nd fuga din \u0163ar\u0103 a lui Bashar al-Assad \u015fi pun\u00e2nd cap\u0103t regimului de cinci decenii al partidului Baas \u00een Siria.<\/p>\n<p><a href=\"https:\/\/www.realitatea.net\/stiri\/actual\/bashar-alassad-se-afla-la-moscova-dupa-ce-a-fugit-din-siria-si-va-primi-azil-anuntul-presei-din-rusia_6755e3cf770d40432d66c793\" target=\"_blank\">Bashar al-Assad se afl\u0103 la Moscova dup\u0103 ce a fugit din Siria \u0219i va primi azil. Anun\u021bul presei din Rusia<\/a><\/p>","protected":false},"excerpt":{"rendered":"<p>\u201eDup\u0103 (aproape) 14 ani de r\u0103zboi brutal \u015fi c\u0103derea regimului dictatorial, poporul sirian poate ast\u0103zi&hellip;<\/p>\n","protected":false},"author":0,"featured_media":14948,"comment_status":"open","ping_status":"open","sticky":false,"template":"","format":"standard","meta":{"footnotes":""},"categories":[2],"tags":[],"class_list":["post-14947","post","type-post","status-publish","format-standard","has-post-thumbnail","hentry","category-actual"],"_links":{"self":[{"href":"https:\/\/247stiri.ro\/index.php\/wp-json\/wp\/v2\/posts\/14947","targetHints":{"allow":["GET"]}}],"collection":[{"href":"https:\/\/247stiri.ro\/index.php\/wp-json\/wp\/v2\/posts"}],"about":[{"href":"https:\/\/247stiri.ro\/index.php\/wp-json\/wp\/v2\/types\/post"}],"replies":[{"embeddable":true,"href":"https:\/\/247stiri.ro\/index.php\/wp-json\/wp\/v2\/comments?post=14947"}],"version-history":[{"count":0,"href":"https:\/\/247stiri.ro\/index.php\/wp-json\/wp\/v2\/posts\/14947\/revisions"}],"wp:featuredmedia":[{"embeddable":true,"href":"https:\/\/247stiri.ro\/index.php\/wp-json\/wp\/v2\/media\/14948"}],"wp:attachment":[{"href":"https:\/\/247stiri.ro\/index.php\/wp-json\/wp\/v2\/media?parent=14947"}],"wp:term":[{"taxonomy":"category","embeddable":true,"href":"https:\/\/247stiri.ro\/index.php\/wp-json\/wp\/v2\/categories?post=14947"},{"taxonomy":"post_tag","embeddable":true,"href":"https:\/\/247stiri.ro\/index.php\/wp-json\/wp\/v2\/tags?post=14947"}],"curies":[{"name":"wp","href":"https:\/\/api.w.org\/{rel}","templated":true}]}}